{"id":70329,"date":"2020-05-15T21:40:58","date_gmt":"2020-05-15T20:40:58","guid":{"rendered":"http:\/\/2horizontes.com\/?p=70329"},"modified":"2020-05-15T21:41:00","modified_gmt":"2020-05-15T20:41:00","slug":"apresan-dominicano-con-mas-de-mil-gramos-de-cocaina-en-espana","status":"publish","type":"post","link":"https:\/\/2horizontes.com\/?p=70329","title":{"rendered":"Apresan dominicano con m\u00e1s de mil gramos de coca\u00edna en Espa\u00f1a"},"content":{"rendered":"\n<p><strong>Europa Press<\/strong><strong>Le\u00f3n, Espa\u00f1a<\/strong><\/p>\n\n\n\n<p>Agentes de la Polic\u00eda Nacional de la Comisar\u00eda de Ponferrada (Le\u00f3n), en Espa\u00f1a han detenido a un var\u00f3n de 43 a\u00f1os, de nacionalidad dominicana y vecino de la localidad, como presunto autor de un delito contra la salud p\u00fablica por tr\u00e1fico de drogas.<\/p>\n\n\n\n<p>Dicho individuo fue detenido &#8216;in fraganti&#8217; el pasado martes, 12 de mayo, cuando tras adquirir la sustancia estupefaciente trataba de llegar a su domicilio con 1.121 gramos de coca\u00edna, seg\u00fan informan fuentes de la Subdelegaci\u00f3n del Gobierno.<\/p>\n\n\n\n<p>Las investigaciones comenzaron hace varias semanas cuando los agentes detectaron c\u00f3mo el investigado sal\u00eda con frecuencia de su domicilio y manten\u00eda contacto con otros individuos, tanto en la v\u00eda p\u00fablica como en el interior de establecimientos comerciales, todos ellos contactos muy breves y extremando las medidas de seguridad.<\/p>\n\n\n\n<p>Se pudo comprobar que dichos contactos se llevaban a cabo con personas de origen sudamericano y espa\u00f1ol conocidos por ser consumidores de sustancias estupefacientes.<\/p>\n\n\n\n<p>Establecido el oportuno dispositivo se intercept\u00f3 al detenido en las proximidades de su domicilio cuando regresaba al mismo portando un paquete, no sin antes protagonizar una breve persecuci\u00f3n. Se le ocuparon entonces el paquete y un tel\u00e9fono m\u00f3vil.<\/p>\n\n\n\n\n\n<p><ins><\/ins><\/p>\n\n\n\n<p>Con esta operaci\u00f3n se da por desmantelado un punto de venta de sustancia estupefaciente en esta localidad que estaba creando alarma social entre el vecindario.<\/p>\n\n\n\n<p>El detenido, que se encuentra residiendo ilegalmente en Espa\u00f1a, fue puesto a disposici\u00f3n del Juzgado de Instrucci\u00f3n de guardia de Ponferrada, que acord\u00f3 su ingreso en prisi\u00f3n.<\/p>\n","protected":false},"excerpt":{"rendered":"<p>Europa PressLe\u00f3n, Espa\u00f1a Agentes de la Polic\u00eda Nacional de la Comisar\u00eda de Ponferrada (Le\u00f3n), en Espa\u00f1a han detenido a un var\u00f3n de 43 a\u00f1os, de nacionalidad dominicana y vecino de la localidad, como presunto autor de un delito contra la salud p\u00fablica por tr\u00e1fico de drogas. Dicho individuo fue detenido &#8216;in fraganti&#8217; el pasado martes, [&hellip;]<\/p>\n","protected":false},"author":44079,"featured_media":70330,"comment_status":"open","ping_status":"open","sticky":false,"template":"","format":"standard","meta":{"footnotes":""},"categories":[85,44],"tags":[],"class_list":["post-70329","post","type-post","status-publish","format-standard","has-post-thumbnail","hentry","category-espana","category-republica-dominicana"],"_links":{"self":[{"href":"https:\/\/2horizontes.com\/index.php?rest_route=\/wp\/v2\/posts\/70329","targetHints":{"allow":["GET"]}}],"collection":[{"href":"https:\/\/2horizontes.com\/index.php?rest_route=\/wp\/v2\/posts"}],"about":[{"href":"https:\/\/2horizontes.com\/index.php?rest_route=\/wp\/v2\/types\/post"}],"author":[{"embeddable":true,"href":"https:\/\/2horizontes.com\/index.php?rest_route=\/wp\/v2\/users\/44079"}],"replies":[{"embeddable":true,"href":"https:\/\/2horizontes.com\/index.php?rest_route=%2Fwp%2Fv2%2Fcomments&post=70329"}],"version-history":[{"count":1,"href":"https:\/\/2horizontes.com\/index.php?rest_route=\/wp\/v2\/posts\/70329\/revisions"}],"predecessor-version":[{"id":70331,"href":"https:\/\/2horizontes.com\/index.php?rest_route=\/wp\/v2\/posts\/70329\/revisions\/70331"}],"wp:featuredmedia":[{"embeddable":true,"href":"https:\/\/2horizontes.com\/index.php?rest_route=\/wp\/v2\/media\/70330"}],"wp:attachment":[{"href":"https:\/\/2horizontes.com\/index.php?rest_route=%2Fwp%2Fv2%2Fmedia&parent=70329"}],"wp:term":[{"taxonomy":"category","embeddable":true,"href":"https:\/\/2horizontes.com\/index.php?rest_route=%2Fwp%2Fv2%2Fcategories&post=70329"},{"taxonomy":"post_tag","embeddable":true,"href":"https:\/\/2horizontes.com\/index.php?rest_route=%2Fwp%2Fv2%2Ftags&post=70329"}],"curies":[{"name":"wp","href":"https:\/\/api.w.org\/{rel}","templated":true}]}}