{"id":70305,"date":"2020-05-14T18:09:37","date_gmt":"2020-05-14T17:09:37","guid":{"rendered":"http:\/\/2horizontes.com\/?p=70305"},"modified":"2020-05-14T18:19:17","modified_gmt":"2020-05-14T17:19:17","slug":"con-13-nuevas-muertes-suman-422-las-defunciones-por-covid-19","status":"publish","type":"post","link":"https:\/\/2horizontes.com\/?p=70305","title":{"rendered":"Rep\u00fablica Dominicana: Con 13 nuevas muertes suman 422 las defunciones por COVID-19"},"content":{"rendered":"\n<p><strong>Redacci\u00f3n Digital<\/strong><strong>Santo Domingo, RD<\/strong><\/p>\n\n\n\n<p>Trece personas m\u00e1s fueron v\u00edctimas del COVID-19&nbsp; en el pa\u00eds en el registro de las \u00faltimas 24 horas para un total de 422 fallecidos, seg\u00fan el bolet\u00edn n\u00famero 56 ofrecido por el Ministerio de Salud P\u00fablica.<\/p>\n\n\n\n<p>Asimismo, el ministro de Salud P\u00fablica, Rafael S\u00e1nchez C\u00e1rdenas, inform\u00f3 este jueves que la cifra de personas contagiadas aument\u00f3 a 11,320, con 124 nuevos casos<\/p>\n\n\n\n<p>Con esta nueva cifra de personas fallecidas, la tasa de letalidad es del 3.73 por ciento<\/p>\n\n\n\n<p>Los fallecidos ten\u00edan antecedentes con enfermedades cr\u00f3nicas como diabetes, asma bronquial, enfermedad pulmonar, insuficiencia renal y consumo de tabaco.<\/p>\n\n\n\n<p>De acuerdo al bolet\u00edn, los municipios donde se reportan la mayor\u00eda de las muertes son San Francisco de Macor\u00eds, el Gran Santo Domingo, Santiago, La Vega, Puerto Plata, Salcedo y San Cristobal.<\/p>\n\n\n\n<p>Se recuerda que ayer mi\u00e9rcoles la cantidad de fallecidos era 409, mientras que los infectados 11,196.<\/p>\n\n\n\n<p>L\u00edst\u00edn Diario. <\/p>\n","protected":false},"excerpt":{"rendered":"<p>Redacci\u00f3n DigitalSanto Domingo, RD Trece personas m\u00e1s fueron v\u00edctimas del COVID-19&nbsp; en el pa\u00eds en el registro de las \u00faltimas 24 horas para un total de 422 fallecidos, seg\u00fan el bolet\u00edn n\u00famero 56 ofrecido por el Ministerio de Salud P\u00fablica. Asimismo, el ministro de Salud P\u00fablica, Rafael S\u00e1nchez C\u00e1rdenas, inform\u00f3 este jueves que la cifra [&hellip;]<\/p>\n","protected":false},"author":44079,"featured_media":69706,"comment_status":"open","ping_status":"open","sticky":false,"template":"","format":"standard","meta":{"footnotes":""},"categories":[44],"tags":[],"class_list":["post-70305","post","type-post","status-publish","format-standard","has-post-thumbnail","hentry","category-republica-dominicana"],"_links":{"self":[{"href":"https:\/\/2horizontes.com\/index.php?rest_route=\/wp\/v2\/posts\/70305","targetHints":{"allow":["GET"]}}],"collection":[{"href":"https:\/\/2horizontes.com\/index.php?rest_route=\/wp\/v2\/posts"}],"about":[{"href":"https:\/\/2horizontes.com\/index.php?rest_route=\/wp\/v2\/types\/post"}],"author":[{"embeddable":true,"href":"https:\/\/2horizontes.com\/index.php?rest_route=\/wp\/v2\/users\/44079"}],"replies":[{"embeddable":true,"href":"https:\/\/2horizontes.com\/index.php?rest_route=%2Fwp%2Fv2%2Fcomments&post=70305"}],"version-history":[{"count":2,"href":"https:\/\/2horizontes.com\/index.php?rest_route=\/wp\/v2\/posts\/70305\/revisions"}],"predecessor-version":[{"id":70307,"href":"https:\/\/2horizontes.com\/index.php?rest_route=\/wp\/v2\/posts\/70305\/revisions\/70307"}],"wp:featuredmedia":[{"embeddable":true,"href":"https:\/\/2horizontes.com\/index.php?rest_route=\/wp\/v2\/media\/69706"}],"wp:attachment":[{"href":"https:\/\/2horizontes.com\/index.php?rest_route=%2Fwp%2Fv2%2Fmedia&parent=70305"}],"wp:term":[{"taxonomy":"category","embeddable":true,"href":"https:\/\/2horizontes.com\/index.php?rest_route=%2Fwp%2Fv2%2Fcategories&post=70305"},{"taxonomy":"post_tag","embeddable":true,"href":"https:\/\/2horizontes.com\/index.php?rest_route=%2Fwp%2Fv2%2Ftags&post=70305"}],"curies":[{"name":"wp","href":"https:\/\/api.w.org\/{rel}","templated":true}]}}