{"id":70297,"date":"2020-05-14T17:45:01","date_gmt":"2020-05-14T16:45:01","guid":{"rendered":"http:\/\/2horizontes.com\/?p=70297"},"modified":"2020-05-14T17:54:25","modified_gmt":"2020-05-14T16:54:25","slug":"repuntan-en-espana-las-cifras-diarias-del-coronavirus-506-casos-y-217-fallecidos","status":"publish","type":"post","link":"https:\/\/2horizontes.com\/?p=70297","title":{"rendered":"Repuntan en Espa\u00f1a las cifras diarias del coronavirus: 506 casos y 217 fallecidos"},"content":{"rendered":"\n<p>Este jueves las cifras diarias de la epidemia de coronavirus facilitadas por el Ministerio de Sanidad de Espa\u00f1a han sufrido un aumento con respecto a las de los \u00faltimos d\u00edas. As\u00ed, se han notificado 506 nuevos contagios y 217 fallecidos, estos \u00faltimos son&nbsp;<strong>33 m\u00e1s que la jornada anterior<\/strong>.<\/p>\n\n\n\n<p>Hasta la fecha, desde el inicio de la crisis sanitaria, el pa\u00eds ha registrado 229.540 casos confirmados por PCR (272.646 contabilizando otros tipos de test),&nbsp;<strong>27.321 muertes y 143.374 pacientes que han superado la enfermedad<\/strong>, lo que supone que actualmente quedan activos el 25 % de los casos.<a href=\"https:\/\/twitter.com\/SaludPublicaEs\"><\/a><a href=\"https:\/\/twitter.com\/SaludPublicaEs\"><strong>Salud P\u00fablica<\/strong><strong>&#x2714;<\/strong>@SaludPublicaEs<\/a><a href=\"https:\/\/twitter.com\/SaludPublicaEs\/status\/1260860278675255296\"><\/a><\/p>\n\n\n\n<p>Datos sobre <a href=\"https:\/\/twitter.com\/hashtag\/COVID19?src=hash\">#COVID19<\/a> en Espa\u00f1a, desde el primer caso inicial, actualizados a hoy 14 de mayo:<br><br>Confirmados por PCR: 229.540<br>Fallecidos: 27.321<br>Curados: 143.374<br><br>Informaci\u00f3n por CC.AA.:<a rel=\"noreferrer noopener\" href=\"https:\/\/t.co\/9Qpq1ECC7R\" target=\"_blank\">https:\/\/www.mscbs.gob.es\/profesionales\/saludPublica\/ccayes\/alertasActual\/nCov-China\/documentos\/Actualizacion_105_COVID-19.pdf\u00a0\u2026<\/a><br><br>M\u00e1s info<a rel=\"noreferrer noopener\" href=\"https:\/\/t.co\/GH8nqIFQ4l\" target=\"_blank\">http:\/\/covid19.isciii.es\u00a0<\/a><a href=\"https:\/\/twitter.com\/hashtag\/EsteVirusLoParamosUnidos?src=hash\">#EsteVirusLoParamosUnidos<\/a><\/p>\n\n\n\n<figure class=\"wp-block-image\"><a href=\"https:\/\/twitter.com\/SaludPublicaEs\/status\/1260860278675255296\/photo\/1\"><img decoding=\"async\" src=\"https:\/\/pbs.twimg.com\/media\/EX95rHCWsAA7KhV?format=jpg&amp;name=small\" alt=\"Ver imagen en Twitter\" title=\"Ver imagen en Twitter\"\/><\/a><\/figure>\n\n\n\n<p><a href=\"https:\/\/twitter.com\/intent\/like?tweet_id=1260860278675255296\">185<\/a><a href=\"https:\/\/twitter.com\/SaludPublicaEs\/status\/1260860278675255296\"><time datetime=\"2020-05-14T09:11:30+0000\">11:11 &#8211; 14 may. 2020<\/time><\/a><a href=\"https:\/\/support.twitter.com\/articles\/20175256\">Informaci\u00f3n y privacidad de Twitter Ads<\/a><a href=\"https:\/\/twitter.com\/SaludPublicaEs\/status\/1260860278675255296\">230 personas est\u00e1n hablando de esto<\/a><\/p>\n\n\n\n<h3 class=\"wp-block-heading\">Lejos de la inmunidad de reba\u00f1o<\/h3>\n\n\n\n<p>Este mi\u00e9rcoles se han conocido los primeros resultados del&nbsp;<a href=\"https:\/\/actualidad.rt.com\/actualidad\/353025-prevalencia-anticuerpos-coronavirus-espana\" target=\"_blank\" rel=\"noreferrer noopener\">estudio de seroprevalencia<\/a>&nbsp;que puso en marcha el Ministerio de Sanidad de Espa\u00f1a el pasado 26 de abril:&nbsp;<strong>solo el 5 % de la poblaci\u00f3n presenta anticuerpos<\/strong>&nbsp;contra el nuevo coronavirus, lo que coincide con la estimaci\u00f3n que barajaba el Centro Nacional de Epidemiolog\u00eda, como detall\u00f3 su directora,&nbsp;Marina Poll\u00e1n.<\/p>\n\n\n\n<p>As\u00ed, aunque&nbsp;<strong>la distribuci\u00f3n de esa inmunidad es desigual<\/strong>&nbsp;en los distintos territorios, con&nbsp;Madrid y varias provincias cercanas (Soria, Cuenca, Segovia, Albacete y Ciudad Real) con una&nbsp;seroprevalencia superior al 10 %&nbsp;de la ciudadan\u00eda, la llamada &#8216;inmunidad de grupo&#8217; \u2013que proporcionar\u00eda protecci\u00f3n indirecta a las restantes personas no inmunes\u2013 se encuentra todav\u00eda muy lejos.<\/p>\n\n\n\n<h3 class=\"wp-block-heading\">Las&nbsp;empresas de geri\u00e1tricos piden el dinero que pierden por el fallecimiento de sus internos<\/h3>\n\n\n\n<p>Se estima que\u00a0<strong>dos de cada tres fallecidos<\/strong>\u00a0en Espa\u00f1a han sido residentes en geri\u00e1tricos. A la pol\u00e9mica sobre la gesti\u00f3n de estos centros, la falta de recursos materiales para evitar contagios, la falta de reposici\u00f3n de personal de baja por covid-19, las sospecha sobre el veto del traslado de estos pacientes a hospitales durante el pico de la pandemia y otras controversias, se une ahora la cuesti\u00f3n econ\u00f3mica.<\/p>\n\n\n\n<p>Clece, la filial dedicada a la gesti\u00f3n de residencias de ancianos del&nbsp;Grupo ACS, presidido por el magnate&nbsp;<a href=\"https:\/\/actualidad.rt.com\/actualidad\/271980-presidente-real-madrid-deja-agua-guatemala\" target=\"_blank\" rel=\"noreferrer noopener\">Florentino P\u00e9rez<\/a>, que es la segunda entidad privada que m\u00e1s geri\u00e1tricos gestiona en Espa\u00f1a, ha solicitado a las administraciones p\u00fablicas que&nbsp;<strong>les compensen los gastos<\/strong>&nbsp;\u00absobrevenidos e imprevisibles\u00bb ocasionados por la crisis sanitaria del coronavirus. Aducen, adem\u00e1s, la imposibilidad de aceptar nuevas altas y&nbsp;<strong>la p\u00e9rdida de usuarios por fallecimientos<\/strong>, lo que implica p\u00e9rdida de ingresos.<\/p>\n\n\n\n<p>Hay ocho empresas en Espa\u00f1a con m\u00e1s de 40 residencias bajo su direcci\u00f3n. Las concesiones se producen de un modo en el que se expulsa a los negocios familiares al dar gran importancia al precio, de manera que esos peque\u00f1os negocios no pueden competir. Por ejemplo, en Madrid se paga&nbsp;<strong>55 euros por d\u00eda y plaza<\/strong>. As\u00ed, cuando las grandes compa\u00f1\u00edas consiguen la concesi\u00f3n realizan recortes en todos los \u00e1mbitos, siempre ajustados a los pliegos de contrataci\u00f3n, p<strong>ara conseguir beneficios<\/strong>.<\/p>\n\n\n\n<p>En Espa\u00f1a el&nbsp;<strong>70 % de las plazas en las residencias de la tercera edad est\u00e1 en manos privadas<\/strong>, en su mayor\u00eda a trav\u00e9s de concesiones del sector p\u00fablico y muchas de esas manos son las de fondos de inversi\u00f3n extranjeros que no buscan la rentabilidad social sino el m\u00e1ximo beneficio econ\u00f3mico.<\/p>\n\n\n\n<p>Las concesiones se dan por un periodo de tiempo, en ocasiones, de hasta 50 a\u00f1os, mientras que se denuncia que no hay un control efectivo de las condiciones del servicio que se presta en estos establecimientos. As\u00ed, en una Comunidad como la de Madrid, con la mayor cifra de muertes en estas instalaciones, con alrededor de 6.000 decesos, durante los \u00faltimos 30 a\u00f1os\u00a0.<\/p>\n\n\n\n<p>Fuente: RT<\/p>\n","protected":false},"excerpt":{"rendered":"<p>Este jueves las cifras diarias de la epidemia de coronavirus facilitadas por el Ministerio de Sanidad de Espa\u00f1a han sufrido un aumento con respecto a las de los \u00faltimos d\u00edas. As\u00ed, se han notificado 506 nuevos contagios y 217 fallecidos, estos \u00faltimos son&nbsp;33 m\u00e1s que la jornada anterior. Hasta la fecha, desde el inicio de [&hellip;]<\/p>\n","protected":false},"author":44079,"featured_media":70298,"comment_status":"open","ping_status":"open","sticky":false,"template":"","format":"standard","meta":{"footnotes":""},"categories":[85,45],"tags":[],"class_list":["post-70297","post","type-post","status-publish","format-standard","has-post-thumbnail","hentry","category-espana","category-salud"],"_links":{"self":[{"href":"https:\/\/2horizontes.com\/index.php?rest_route=\/wp\/v2\/posts\/70297","targetHints":{"allow":["GET"]}}],"collection":[{"href":"https:\/\/2horizontes.com\/index.php?rest_route=\/wp\/v2\/posts"}],"about":[{"href":"https:\/\/2horizontes.com\/index.php?rest_route=\/wp\/v2\/types\/post"}],"author":[{"embeddable":true,"href":"https:\/\/2horizontes.com\/index.php?rest_route=\/wp\/v2\/users\/44079"}],"replies":[{"embeddable":true,"href":"https:\/\/2horizontes.com\/index.php?rest_route=%2Fwp%2Fv2%2Fcomments&post=70297"}],"version-history":[{"count":2,"href":"https:\/\/2horizontes.com\/index.php?rest_route=\/wp\/v2\/posts\/70297\/revisions"}],"predecessor-version":[{"id":70300,"href":"https:\/\/2horizontes.com\/index.php?rest_route=\/wp\/v2\/posts\/70297\/revisions\/70300"}],"wp:featuredmedia":[{"embeddable":true,"href":"https:\/\/2horizontes.com\/index.php?rest_route=\/wp\/v2\/media\/70298"}],"wp:attachment":[{"href":"https:\/\/2horizontes.com\/index.php?rest_route=%2Fwp%2Fv2%2Fmedia&parent=70297"}],"wp:term":[{"taxonomy":"category","embeddable":true,"href":"https:\/\/2horizontes.com\/index.php?rest_route=%2Fwp%2Fv2%2Fcategories&post=70297"},{"taxonomy":"post_tag","embeddable":true,"href":"https:\/\/2horizontes.com\/index.php?rest_route=%2Fwp%2Fv2%2Ftags&post=70297"}],"curies":[{"name":"wp","href":"https:\/\/api.w.org\/{rel}","templated":true}]}}