{"id":70291,"date":"2020-05-14T17:40:27","date_gmt":"2020-05-14T16:40:27","guid":{"rendered":"http:\/\/2horizontes.com\/?p=70291"},"modified":"2020-05-14T17:40:30","modified_gmt":"2020-05-14T16:40:30","slug":"chile-registra-la-cifra-mas-alta-de-fallecidos-por-covid-19-en-un-dia-y-los-contagiados-diarios-superan-los-2-600","status":"publish","type":"post","link":"https:\/\/2horizontes.com\/?p=70291","title":{"rendered":"Chile registra la cifra m\u00e1s alta de fallecidos por covid-19 en un d\u00eda y los contagiados diarios superan los 2.600"},"content":{"rendered":"\n<p>El Ministerio de Salud chileno inform\u00f3 este jueves que se registraron 2.659 nuevos casos de coronavirus en el pa\u00eds sudamericano, elevando la cifra total de contagios a 37.040. Asimismo, las autoridades sanitarias indicaron que se contabilizan&nbsp;<strong>15.655 pacientes recuperados<\/strong>.<\/p>\n\n\n\n<p>En cuanto a los fallecidos, en la&nbsp;\u00faltima jornada&nbsp;<strong>22 personas murieron<\/strong>&nbsp;a causa del covid-19, dando un n\u00famero general de 369 v\u00edctimas fatales.&nbsp;&nbsp;<\/p>\n\n\n\n<p>Sobre la capacidad de atenci\u00f3n, el Gobierno precis\u00f3 que actualmente&nbsp;<strong>el 78 % de las camas est\u00e1 ocupado<\/strong>. Al respecto,&nbsp;el subsecretario de Redes Asistenciales, Arturo Z\u00fa\u00f1iga, coment\u00f3: \u00abAyer visit\u00e9 el Complejo Asistencial Dr. S\u00f3tero del R\u00edo&nbsp;[el hospital m\u00e1s grande de Chile] y se han aumentado las camas. Esto est\u00e1 ocurriendo en todos los hospitales del pa\u00eds\u00bb.<\/p>\n\n\n\n<p>Adem\u00e1s, el Ejecutivo detall\u00f3 que hay&nbsp;<strong>515 respiradores disponibles<\/strong>, pero esperan aumentar la cantidad de equipos en las pr\u00f3ximas semanas.&nbsp;<a href=\"https:\/\/twitter.com\/ministeriosalud\"><\/a><a href=\"https:\/\/twitter.com\/ministeriosalud\"><strong>Ministerio de Salud<\/strong><strong>&#x2714;<\/strong>@ministeriosalud<\/a><a href=\"https:\/\/twitter.com\/ministeriosalud\/status\/1260947748527849477\"><\/a><\/p>\n\n\n\n<p>Subsec <a href=\"https:\/\/twitter.com\/arturozunigaj\">@arturozunigaj<\/a> | Capacidad de ventiladores mec\u00e1nicos<\/p>\n\n\n\n<figure class=\"wp-block-image\"><a href=\"https:\/\/twitter.com\/ministeriosalud\/status\/1260947748527849477\/photo\/1\"><img decoding=\"async\" src=\"https:\/\/pbs.twimg.com\/media\/EX_JOytUMAMW7xt?format=png&amp;name=small\" alt=\"Ver imagen en Twitter\" title=\"Ver imagen en Twitter\"\/><\/a><\/figure>\n\n\n\n<p><a href=\"https:\/\/twitter.com\/intent\/like?tweet_id=1260947748527849477\">19<\/a><a href=\"https:\/\/twitter.com\/ministeriosalud\/status\/1260947748527849477\"><time datetime=\"2020-05-14T14:59:05+0000\">16:59 &#8211; 14 may. 2020<\/time><\/a><a href=\"https:\/\/support.twitter.com\/articles\/20175256\">Informaci\u00f3n y privacidad de Twitter Ads<\/a><a href=\"https:\/\/twitter.com\/ministeriosalud\/status\/1260947748527849477\">43 personas est\u00e1n hablando de esto<\/a><\/p>\n\n\n\n<p>\u00abNuestra intenci\u00f3n y la de los funcionarios es proteger la salud de todos, y todos tenemos que estar unidos\u00bb, expres\u00f3 Z\u00fa\u00f1iga en la rueda de prensa.<\/p>\n\n\n\n<h3 class=\"wp-block-heading\">\u00abResponsabilidad comunitaria\u00bb<\/h3>\n\n\n\n<p>En sinton\u00eda, el ministro Jaime Ma\u00f1alich se\u00f1al\u00f3:&nbsp;\u00abEstamos frente a un desaf\u00edo \u00fanico y es por eso que debemos establecer una&nbsp;<strong>relaci\u00f3n de confianza<\/strong>&nbsp;con los agentes del Estado para vencer a esta pandemia\u00bb. A su vez, apel\u00f3 a la \u00abresponsabilidad&nbsp;comunitaria\u00bb para afrontar la emergencia.<\/p>\n\n\n\n<p>Con ese tono, el funcionario agreg\u00f3:&nbsp;\u00abLa fuerza que necesitamos para fiscalizar y hacer que estas medidas se cumplan, es para evitar el aumento de contagios y&nbsp;<strong>lograr la baja de casos durante el mes de mayo<\/strong>\u00ab.<\/p>\n\n\n\n<p>Por otro lado, en Chile se realizaron 11.502 ex\u00e1menes PCR durante las \u00faltimas 24 horas, dando un total de&nbsp;<strong>325.417 testeos<\/strong>.&nbsp;\u00abLos ex\u00e1menes deben realizarse cuando se presentan s\u00edntomas o al ser contacto estrecho\u00bb, sostuvo Ma\u00f1alich en su alocuci\u00f3n.<\/p>\n\n\n\n<p>En ese contexto, el mi\u00e9rcoles se hab\u00eda establecido la cuarentena obligatoria para la capital chilena y sus alrededores. A su vez, esa restricci\u00f3n se aplica para los mayores de 75 a\u00f1os en todo el territorio nacional.\u00a0<\/p>\n\n\n\n<p>Fuente: RT. <\/p>\n","protected":false},"excerpt":{"rendered":"<p>El Ministerio de Salud chileno inform\u00f3 este jueves que se registraron 2.659 nuevos casos de coronavirus en el pa\u00eds sudamericano, elevando la cifra total de contagios a 37.040. Asimismo, las autoridades sanitarias indicaron que se contabilizan&nbsp;15.655 pacientes recuperados. En cuanto a los fallecidos, en la&nbsp;\u00faltima jornada&nbsp;22 personas murieron&nbsp;a causa del covid-19, dando un n\u00famero general [&hellip;]<\/p>\n","protected":false},"author":44079,"featured_media":70292,"comment_status":"open","ping_status":"open","sticky":false,"template":"","format":"standard","meta":{"footnotes":""},"categories":[40,45],"tags":[],"class_list":["post-70291","post","type-post","status-publish","format-standard","has-post-thumbnail","hentry","category-internacionales","category-salud"],"_links":{"self":[{"href":"https:\/\/2horizontes.com\/index.php?rest_route=\/wp\/v2\/posts\/70291","targetHints":{"allow":["GET"]}}],"collection":[{"href":"https:\/\/2horizontes.com\/index.php?rest_route=\/wp\/v2\/posts"}],"about":[{"href":"https:\/\/2horizontes.com\/index.php?rest_route=\/wp\/v2\/types\/post"}],"author":[{"embeddable":true,"href":"https:\/\/2horizontes.com\/index.php?rest_route=\/wp\/v2\/users\/44079"}],"replies":[{"embeddable":true,"href":"https:\/\/2horizontes.com\/index.php?rest_route=%2Fwp%2Fv2%2Fcomments&post=70291"}],"version-history":[{"count":1,"href":"https:\/\/2horizontes.com\/index.php?rest_route=\/wp\/v2\/posts\/70291\/revisions"}],"predecessor-version":[{"id":70293,"href":"https:\/\/2horizontes.com\/index.php?rest_route=\/wp\/v2\/posts\/70291\/revisions\/70293"}],"wp:featuredmedia":[{"embeddable":true,"href":"https:\/\/2horizontes.com\/index.php?rest_route=\/wp\/v2\/media\/70292"}],"wp:attachment":[{"href":"https:\/\/2horizontes.com\/index.php?rest_route=%2Fwp%2Fv2%2Fmedia&parent=70291"}],"wp:term":[{"taxonomy":"category","embeddable":true,"href":"https:\/\/2horizontes.com\/index.php?rest_route=%2Fwp%2Fv2%2Fcategories&post=70291"},{"taxonomy":"post_tag","embeddable":true,"href":"https:\/\/2horizontes.com\/index.php?rest_route=%2Fwp%2Fv2%2Ftags&post=70291"}],"curies":[{"name":"wp","href":"https:\/\/api.w.org\/{rel}","templated":true}]}}