{"id":70282,"date":"2020-05-13T16:39:57","date_gmt":"2020-05-13T15:39:57","guid":{"rendered":"http:\/\/2horizontes.com\/?p=70282"},"modified":"2020-05-13T16:39:59","modified_gmt":"2020-05-13T15:39:59","slug":"espana-registra-184-fallecidos-por-coronavirus-y-439-contagios-en-24-horas","status":"publish","type":"post","link":"https:\/\/2horizontes.com\/?p=70282","title":{"rendered":"Espa\u00f1a registra 184 fallecidos por coronavirus y 439 contagios en 24 horas"},"content":{"rendered":"\n<p>Este mi\u00e9rcoles Espa\u00f1a ha registrado un ligero repunte en sus cifras sobre la epidemia de coronavirus: 184 fallecimientos y 439 contagios frente a los 176 decesos y 426 nuevos positivos notificados este martes.<\/p>\n\n\n\n<p>En total, las cifras que deja la pandemia desde que comenz\u00f3 a expandirse por el pa\u00eds son 228.691 casos confirmados por PCR (271.095, si se suman otros tipos de test), 27.104 muertes y 140.823 pacientes que han superado la enfermedad covid-19.<\/p>\n\n\n\n<p>En un escenario en el que los datos comienzan a llegar al nivel previo a la toma de medidas restrictivas para frenar la epidemia, el Gobierno de Espa\u00f1a se plantea&nbsp;<strong>solicitar una nueva pr\u00f3rroga por un mes<\/strong>&nbsp;del estado de alarma, que le habilita para limitar derechos fundamentales, como el de circulaci\u00f3n.<\/p>\n\n\n\n<p>El estado de alarma lleva&nbsp;<strong>en vigor desde el 14 de marzo<\/strong>, cuando se decret\u00f3 el confinamiento domiciliario de la poblaci\u00f3n, el cierre de negocios p\u00fablicos y las restricciones de movilidad. Desde entonces el Ejecutivo del socialista Pedro S\u00e1nchez hab\u00eda solicitado al Pleno del Congreso pr\u00f3rrogas quincenales. La \u00faltima vence el pr\u00f3ximo 25 de mayo, en plena implementaci\u00f3n de las fases de la desescalada.<\/p>\n\n\n\n<p>El Gobierno ha encontrado<strong>&nbsp;en cada ocasi\u00f3n menos apoyos<\/strong>&nbsp;parlamentarios para sacar adelante sus solicitudes de moratoria, y ahora, con la mitad del pa\u00eds ya en la fase 1 y el resto a\u00fan en la 0, contempla evitarse al menos un tr\u00e1mite en el Hemiciclo.<\/p>\n\n\n\n<h3 class=\"wp-block-heading\">Avanzando hacia la fase 1 de la desescalada<\/h3>\n\n\n\n<p>Actualmente se encuentran en la fase 1 de la desescalada, que permite apertura de comercios y terrazas de negocios de restauraci\u00f3n, con ciertas restricciones, y encuentros sociales de hasta 10 personas manteniendo la distancia de seguridad, territorios que engloban el\u00a0<strong>51 % de la poblaci\u00f3n espa\u00f1ola<\/strong>.<\/p>\n\n\n\n<p>En esta fase se encuentran al completo las siguientes regiones: Arag\u00f3n, Asturias, las Islas Baleares, las Islas Canarias, Cantabria, Pa\u00eds Vasco, Extremadura, Galicia, Murcia, Navarra, La Rioja, Ceuta y Melilla.<\/p>\n\n\n\n<p>Otras han sido autorizadas a avanzar&nbsp;<strong>de forma parcial<\/strong>: Andaluc\u00eda, salvo las provincias de M\u00e1laga y Granada; 26 zonas de Castilla y Le\u00f3n que solo aglutinan 53.000 habitantes; dos de las cinco provincias de Castilla-La Mancha; 3 de las 9 regiones sanitarias de Catalu\u00f1a, que no incluyen a Barcelona; y 11 de los 24 departamentos de salud de la Comunidad Valenciana. Mientras que en el caso de l<strong>a Comunidad de Madrid, se queda al completo en la fase 0<\/strong>.<\/p>\n\n\n\n<p>Ahora, las Comunidades Aut\u00f3nomas&nbsp;que no consiguieron que todo o parte de su territorio entrara en ese nuevo nivelpresentar\u00e1n de nuevo&nbsp;su propuesta esta semana ante el Ministerio de Sanidad, que tomar\u00e1 una nueva decisi\u00f3n en los pr\u00f3ximos d\u00edas.&nbsp;<\/p>\n\n\n\n<p>Seg\u00fan\u00a0<a rel=\"noreferrer noopener\" href=\"https:\/\/www.lavanguardia.com\/vida\/20200513\/481129326346\/sanidad-sugiere-que-andalucia-valencia-y-castilla-la-mancha-pasaran-a-la-fase-1.html\" target=\"_blank\">adelanta<\/a>\u00a0La Vanguardia, en Sanidad se contempla que la\u00a0<strong>Comunidad Valenciana, Andaluc\u00eda y Castilla-La Mancha<\/strong>\u00a0tienen muchas posibilidades de que su propuesta sea aceptada y los territorios que a\u00fan no lo han hecho accedan al siguiente nivel de la desescalada el pr\u00f3ximo lunes 18 de mayo.\u00a0<\/p>\n\n\n\n<p>Fuente: RT. <\/p>\n","protected":false},"excerpt":{"rendered":"<p>Este mi\u00e9rcoles Espa\u00f1a ha registrado un ligero repunte en sus cifras sobre la epidemia de coronavirus: 184 fallecimientos y 439 contagios frente a los 176 decesos y 426 nuevos positivos notificados este martes. En total, las cifras que deja la pandemia desde que comenz\u00f3 a expandirse por el pa\u00eds son 228.691 casos confirmados por PCR [&hellip;]<\/p>\n","protected":false},"author":44079,"featured_media":69677,"comment_status":"open","ping_status":"open","sticky":false,"template":"","format":"standard","meta":{"footnotes":""},"categories":[85,45],"tags":[],"class_list":["post-70282","post","type-post","status-publish","format-standard","has-post-thumbnail","hentry","category-espana","category-salud"],"_links":{"self":[{"href":"https:\/\/2horizontes.com\/index.php?rest_route=\/wp\/v2\/posts\/70282","targetHints":{"allow":["GET"]}}],"collection":[{"href":"https:\/\/2horizontes.com\/index.php?rest_route=\/wp\/v2\/posts"}],"about":[{"href":"https:\/\/2horizontes.com\/index.php?rest_route=\/wp\/v2\/types\/post"}],"author":[{"embeddable":true,"href":"https:\/\/2horizontes.com\/index.php?rest_route=\/wp\/v2\/users\/44079"}],"replies":[{"embeddable":true,"href":"https:\/\/2horizontes.com\/index.php?rest_route=%2Fwp%2Fv2%2Fcomments&post=70282"}],"version-history":[{"count":1,"href":"https:\/\/2horizontes.com\/index.php?rest_route=\/wp\/v2\/posts\/70282\/revisions"}],"predecessor-version":[{"id":70283,"href":"https:\/\/2horizontes.com\/index.php?rest_route=\/wp\/v2\/posts\/70282\/revisions\/70283"}],"wp:featuredmedia":[{"embeddable":true,"href":"https:\/\/2horizontes.com\/index.php?rest_route=\/wp\/v2\/media\/69677"}],"wp:attachment":[{"href":"https:\/\/2horizontes.com\/index.php?rest_route=%2Fwp%2Fv2%2Fmedia&parent=70282"}],"wp:term":[{"taxonomy":"category","embeddable":true,"href":"https:\/\/2horizontes.com\/index.php?rest_route=%2Fwp%2Fv2%2Fcategories&post=70282"},{"taxonomy":"post_tag","embeddable":true,"href":"https:\/\/2horizontes.com\/index.php?rest_route=%2Fwp%2Fv2%2Ftags&post=70282"}],"curies":[{"name":"wp","href":"https:\/\/api.w.org\/{rel}","templated":true}]}}