{"id":70272,"date":"2020-05-12T13:26:17","date_gmt":"2020-05-12T12:26:17","guid":{"rendered":"http:\/\/2horizontes.com\/?p=70272"},"modified":"2020-05-12T13:26:22","modified_gmt":"2020-05-12T12:26:22","slug":"el-embajador-de-malta-en-finlandia-presenta-su-dimision-tras-comparar-a-merkel-con-hitler","status":"publish","type":"post","link":"https:\/\/2horizontes.com\/?p=70272","title":{"rendered":"El embajador de Malta en Finlandia presenta su dimisi\u00f3n tras comparar a Merkel con Hitler"},"content":{"rendered":"\n<p>Este lunes, tres d\u00edas despu\u00e9s de haber comparado a la canciller de Alemania, Angela Merkel, con Adolf Hitler,&nbsp;present\u00f3 su renuncia&nbsp;el embajador de Malta en Finlandia, Michael Zammit Tabona,&nbsp;<a href=\"https:\/\/timesofmalta.com\/articles\/view\/malta-to-apologise-to-germany-as-ambassador-compares-merkel-to-hitler.791222\" target=\"_blank\" rel=\"noreferrer noopener\">informa<\/a>&nbsp;el peri\u00f3dico Times of Malta.<\/p>\n\n\n\n<p>\u00abHace 75 a\u00f1os detuvimos a Hitler. \u00bfY qui\u00e9n va a parar a Angela Merkel? Ella hizo realidad el sue\u00f1o de Hitler de controlar Europa\u00bb, public\u00f3 el diplom\u00e1tico en su p\u00e1gina de Facebook el 8 de mayo, cuando el mundo empez\u00f3 a festejar el 75\u00ba aniversario de la victoria sobre la Alemania nazi.<\/p>\n\n\n\n<p>La renuncia de Michael Zammit Tabona fue confirmada por el ministro de Asuntos Exteriores de Malta, Evarist Bartolo, quien se\u00f1al\u00f3 que los comentarios del embajador no reflejaban la amistad y el respeto entre Malta y Alemania. Luego a\u00f1adi\u00f3 que en unos d\u00edas enviar\u00e1 una carta con disculpas formales al pa\u00eds germano.<\/p>\n\n\n\n<p>Fuente: RT. <\/p>\n","protected":false},"excerpt":{"rendered":"<p>Este lunes, tres d\u00edas despu\u00e9s de haber comparado a la canciller de Alemania, Angela Merkel, con Adolf Hitler,&nbsp;present\u00f3 su renuncia&nbsp;el embajador de Malta en Finlandia, Michael Zammit Tabona,&nbsp;informa&nbsp;el peri\u00f3dico Times of Malta. \u00abHace 75 a\u00f1os detuvimos a Hitler. \u00bfY qui\u00e9n va a parar a Angela Merkel? Ella hizo realidad el sue\u00f1o de Hitler de controlar [&hellip;]<\/p>\n","protected":false},"author":44079,"featured_media":70274,"comment_status":"open","ping_status":"open","sticky":false,"template":"","format":"standard","meta":{"footnotes":""},"categories":[40,43],"tags":[],"class_list":["post-70272","post","type-post","status-publish","format-standard","has-post-thumbnail","hentry","category-internacionales","category-politica"],"_links":{"self":[{"href":"https:\/\/2horizontes.com\/index.php?rest_route=\/wp\/v2\/posts\/70272","targetHints":{"allow":["GET"]}}],"collection":[{"href":"https:\/\/2horizontes.com\/index.php?rest_route=\/wp\/v2\/posts"}],"about":[{"href":"https:\/\/2horizontes.com\/index.php?rest_route=\/wp\/v2\/types\/post"}],"author":[{"embeddable":true,"href":"https:\/\/2horizontes.com\/index.php?rest_route=\/wp\/v2\/users\/44079"}],"replies":[{"embeddable":true,"href":"https:\/\/2horizontes.com\/index.php?rest_route=%2Fwp%2Fv2%2Fcomments&post=70272"}],"version-history":[{"count":1,"href":"https:\/\/2horizontes.com\/index.php?rest_route=\/wp\/v2\/posts\/70272\/revisions"}],"predecessor-version":[{"id":70275,"href":"https:\/\/2horizontes.com\/index.php?rest_route=\/wp\/v2\/posts\/70272\/revisions\/70275"}],"wp:featuredmedia":[{"embeddable":true,"href":"https:\/\/2horizontes.com\/index.php?rest_route=\/wp\/v2\/media\/70274"}],"wp:attachment":[{"href":"https:\/\/2horizontes.com\/index.php?rest_route=%2Fwp%2Fv2%2Fmedia&parent=70272"}],"wp:term":[{"taxonomy":"category","embeddable":true,"href":"https:\/\/2horizontes.com\/index.php?rest_route=%2Fwp%2Fv2%2Fcategories&post=70272"},{"taxonomy":"post_tag","embeddable":true,"href":"https:\/\/2horizontes.com\/index.php?rest_route=%2Fwp%2Fv2%2Ftags&post=70272"}],"curies":[{"name":"wp","href":"https:\/\/api.w.org\/{rel}","templated":true}]}}