{"id":70258,"date":"2020-05-12T12:10:49","date_gmt":"2020-05-12T11:10:49","guid":{"rendered":"http:\/\/2horizontes.com\/?p=70258"},"modified":"2020-05-12T12:10:53","modified_gmt":"2020-05-12T11:10:53","slug":"la-protesta-en-america-latina-no-esta-en-cuarentena-como-se-reinventan-las-manifestaciones-durante-el-confinamiento","status":"publish","type":"post","link":"https:\/\/2horizontes.com\/?p=70258","title":{"rendered":"La protesta en Am\u00e9rica Latina no est\u00e1 en cuarentena: \u00bfc\u00f3mo se reinventan las manifestaciones durante el confinamiento?"},"content":{"rendered":"\n<p>El 2019 fue un a\u00f1o de fuerte conflictividad social en Latinoam\u00e9rica. Las protestas que ocurrieron&nbsp;en varios pa\u00edses de la regi\u00f3n, y que parec\u00edan tener cierta continuidad este a\u00f1o, se vieron suspendidas por la pandemia de coronavirus.&nbsp;<\/p>\n\n\n\n<p>Sin embargo, la crisis social y econ\u00f3mica que se vive en buena parte del continente motivar\u00e1 nuevas manifestaciones, algunas de las cuales ya se est\u00e1n viendo a pesar de las recomendaciones sobre mantener el aislamiento y las limitaciones al derecho de reuni\u00f3n. Los riesgos aumentan, s\u00ed. Pero las necesidades de la gente, en un continente signado por la pobreza y la desigualdad, no pueden esperar.&nbsp;<\/p>\n\n\n\n<p>Seg\u00fan la Comisi\u00f3n Econ\u00f3mica para Am\u00e9rica Latina y el Caribe (<a href=\"https:\/\/news.un.org\/es\/story\/2020\/03\/1471522\" target=\"_blank\" rel=\"noreferrer noopener\">CEPAL<\/a>), la&nbsp;covid-19 dejar\u00e1 casi 35 millones m\u00e1s de pobres y un aumento del desempleo de 10 % este a\u00f1o, cuando se producir\u00e1&nbsp;<strong>\u00abla peor recesi\u00f3n de la historia\u00bb<\/strong>.&nbsp;<a href=\"https:\/\/twitter.com\/cepal_onu\"><\/a><a href=\"https:\/\/twitter.com\/cepal_onu\"><strong>CEPAL<\/strong><strong>&#x2714;<\/strong>@cepal_onu<\/a><a href=\"https:\/\/twitter.com\/cepal_onu\/status\/1252630793425424384\"><\/a><\/p>\n\n\n\n<p>La tasa de <a href=\"https:\/\/twitter.com\/hashtag\/pobreza?src=hash\">#pobreza<\/a> en la regi\u00f3n aumentar\u00eda en 4,4 puntos porcentuales durante 2020 al pasar de 30,3% a 34,7%, lo que significa un incremento de 29 millones de personas en situaci\u00f3n de pobreza: <a href=\"https:\/\/twitter.com\/aliciabarcena\">@aliciabarcena<\/a> en conferencia de prensa virtual. <a href=\"https:\/\/t.co\/NLU58VFwoo\" rel=\"noreferrer noopener\" target=\"_blank\">https:\/\/bit.ly\/2Kk0gHR&nbsp;<\/a><\/p>\n\n\n\n<figure class=\"wp-block-image\"><a href=\"https:\/\/twitter.com\/cepal_onu\/status\/1252630793425424384\/photo\/1\"><img decoding=\"async\" src=\"https:\/\/pbs.twimg.com\/media\/EWI8emNXsAkDHu9?format=jpg&amp;name=small\" alt=\"Ver imagen en Twitter\" title=\"Ver imagen en Twitter\"\/><\/a><\/figure>\n\n\n\n<p><a href=\"https:\/\/twitter.com\/intent\/like?tweet_id=1252630793425424384\">180<\/a><a href=\"https:\/\/twitter.com\/cepal_onu\/status\/1252630793425424384\"><time datetime=\"2020-04-21T16:10:28+0000\">18:10 &#8211; 21 abr. 2020<\/time><\/a><a href=\"https:\/\/support.twitter.com\/articles\/20175256\">Informaci\u00f3n y privacidad de Twitter Ads<\/a><a href=\"https:\/\/twitter.com\/cepal_onu\/status\/1252630793425424384\">190 personas est\u00e1n hablando de esto<\/a><\/p>\n\n\n\n<p>En este marco de emergencia social, econ\u00f3mica y sanitaria, los distintos gobiernos deben tomar decisiones sobre c\u00f3mo reasignar sus deteriorados presupuestos, cubrir las necesidades b\u00e1sicas de los sectores m\u00e1s vulnerables, y dar apoyo a las empresas que se vieron obligadas a frenar la producci\u00f3n. De un lado y del otro, las autoridades reciben tironeos.&nbsp;<\/p>\n\n\n\n<h3 class=\"wp-block-heading\">Las marchas del hambre<\/h3>\n\n\n\n<p>En Bogot\u00e1, Colombia, la gente sali\u00f3 a la calle desde el mes pasado a denunciar que no est\u00e1n recibiendo ayuda social y no pueden trabajar:&nbsp;<strong>\u00abTenemos hambre\u00bb<\/strong>, es un grito que se repite hasta el d\u00eda de hoy.&nbsp;<a href=\"https:\/\/twitter.com\/ELTIEMPO\"><\/a><a href=\"https:\/\/twitter.com\/ELTIEMPO\"><strong>EL TIEMPO<\/strong><strong>&#x2714;<\/strong>@ELTIEMPO<\/a><a href=\"https:\/\/twitter.com\/ELTIEMPO\/status\/1250819993601630208\"><\/a><\/p>\n\n\n\n<p>&#8216;\u00a1Tenemos hambre!&#8217;<br><br>Habitantes del barrio Arborizadora Alta en Ciudad Bol\u00edvar llevan varias jornadas protestando que no reciben ayudas por parte del Distrito en tiempos en los que se han visto seriamente afectados por la pandemia. Los detalles, v\u00eda <a href=\"https:\/\/twitter.com\/Citytv\">@Citytv<\/a>.<\/p>\n\n\n\n<figure class=\"wp-block-image\"><img decoding=\"async\" src=\"https:\/\/pbs.twimg.com\/media\/EVvHWoWX0AM_vl-?format=jpg&amp;name=small\" alt=\"Video insertado\"\/><\/figure>\n\n\n\n<p><a href=\"https:\/\/twitter.com\/ELTIEMPO\/status\/1250819993601630208\"><\/a><a href=\"https:\/\/twitter.com\/intent\/like?tweet_id=1250819993601630208\">50<\/a><a href=\"https:\/\/twitter.com\/ELTIEMPO\/status\/1250819993601630208\"><time datetime=\"2020-04-16T16:15:00+0000\">18:15 &#8211; 16 abr. 2020<\/time><\/a><a href=\"https:\/\/support.twitter.com\/articles\/20175256\">Informaci\u00f3n y privacidad de Twitter Ads<\/a><a href=\"https:\/\/twitter.com\/ELTIEMPO\/status\/1250819993601630208\">46 personas est\u00e1n hablando de esto<\/a><\/p>\n\n\n\n<p>La semana pasada, movimientos sociales de Argentina marcharon por el centro de Buenos Aires con otra consigna similar y contundente:&nbsp;<strong>\u00abCon hambre no hay cuarentena\u00bb<\/strong>. En las villas, los barrios m\u00e1s humildes de la capital del pa\u00eds, donde el hacinamiento y la falta de recursos hace m\u00e1s dif\u00edcil el cumplimiento de las medidas de confinamiento, los casos de coronavirus superaron los 410; y ya hubo seis muertes.<\/p>\n\n\n\n<p>Para Agustina Gradin, licenciada en Ciencia Pol\u00edtica por la Universidad de Buenos Aires, la situaci\u00f3n de la pandemia expuso como nunca las desigualdades y las debilidades&nbsp;&nbsp;de los Estados para atender urgencias que llevan a\u00f1os sin resolverse. \u00abVen\u00edamos de un 2019&nbsp;de mucha protesta social pero creo que, en el marco de la pandemia, ese malestar social se reconvirti\u00f3 en&nbsp;<strong>un proceso de organizaci\u00f3n social<\/strong>&nbsp;al interior de los barrios, donde diversas organizaciones pusieron el hombro intentando resolver el problema del hambre, en lugares donde, por la cuarentena, no es asunto sencillo de resolver\u00bb, se\u00f1ala Gradin a RT.<\/p>\n\n\n\n<p>\u00abSe puede pensar que es una respuesta positiva de la sociedad civil, pero al mismo tiempo, en su germen, lleva cierto nivel de conflictividad social, porque expone algunas dificultades en los procesos de implementaci\u00f3n de las pol\u00edticas p\u00fablicas del Gobierno\u00bb, advierte la especialista.&nbsp;<\/p>\n\n\n\n<p>En Chile, donde hasta marzo las protestas contra el Gobierno de Sebasti\u00e1n Pi\u00f1era tuvieron gran protagonismo en la vida pol\u00edtica del pa\u00eds, Bomberos de todo el territorio nacional hicieron sonar sus sirenas esta semana para oponerse a un&nbsp;<strong>recorte de 7,86 %<\/strong>&nbsp;a los recursos aportados por el Estado.<a href=\"https:\/\/twitter.com\/biobio\"><\/a><a href=\"https:\/\/twitter.com\/biobio\"><strong>BioBioChile<\/strong><strong>&#x2714;<\/strong>@biobio<\/a><a href=\"https:\/\/twitter.com\/biobio\/status\/1257849847497007107\"><\/a><\/p>\n\n\n\n<p><img decoding=\"async\" src=\"https:\/\/abs.twimg.com\/emoji\/v2\/72x72\/1f6a8.png\" alt=\"&#x1f6a8;\"><img decoding=\"async\" src=\"https:\/\/abs.twimg.com\/emoji\/v2\/72x72\/1f4f9.png\" alt=\"&#x1f4f9;\">As\u00ed se escucharon las sirenas de Bomberos en distintas partes del pa\u00eds, como protesta por el anuncio del Gobierno de reducir el presupuesto ante la crisis que vive el pa\u00eds.<a href=\"https:\/\/twitter.com\/hashtag\/Valpara%C3%ADso?src=hash\">#Valpara\u00edso<\/a><\/p>\n\n\n\n<figure class=\"wp-block-image\"><img decoding=\"async\" src=\"https:\/\/pbs.twimg.com\/ext_tw_video_thumb\/1257849769663266816\/pu\/img\/_tkaOT-0euXWWZB3?format=jpg&amp;name=small\" alt=\"Video insertado\"\/><\/figure>\n\n\n\n<p><a href=\"https:\/\/twitter.com\/biobio\/status\/1257849847497007107\"><\/a><a href=\"https:\/\/twitter.com\/intent\/like?tweet_id=1257849847497007107\">2.112<\/a><a href=\"https:\/\/twitter.com\/biobio\/status\/1257849847497007107\"><time datetime=\"2020-05-06T01:49:08+0000\">3:49 &#8211; 6 may. 2020<\/time><\/a><a href=\"https:\/\/support.twitter.com\/articles\/20175256\">Informaci\u00f3n y privacidad de Twitter Ads<\/a><a href=\"https:\/\/twitter.com\/biobio\/status\/1257849847497007107\">1.105 personas est\u00e1n hablando de esto<\/a><\/p>\n\n\n\n<p>El de los bomberos chilenos es un recurso v\u00e1lido y recomendable, dado el contexto, para reclamar sin enfrentar riesgos de contagio, pero no todos tienen sirenas estridentes que puedan hacerse o\u00edr a lo largo y ancho de una ciudad. Por eso, estudiantes universitarios de Ecuador, uno de los pa\u00edses m\u00e1s afectados por la pandemia en la regi\u00f3n, salieron a marchar el martes a las calles de Quito en contra de una reducci\u00f3n presupuestaria. Los manifestantes&nbsp;<strong>usaron tapabocas y mantuvieron prudencial distancia<\/strong>.&nbsp;<a href=\"https:\/\/twitter.com\/elcomerciocom\"><\/a><a href=\"https:\/\/twitter.com\/elcomerciocom\"><strong>El Comercio<\/strong><strong>&#x2714;<\/strong>@elcomerciocom<\/a><a href=\"https:\/\/twitter.com\/elcomerciocom\/status\/1257699580050845698\"><\/a><\/p>\n\n\n\n<p><a href=\"https:\/\/twitter.com\/hashtag\/QUITO?src=hash\">#QUITO<\/a> | Protesta en contra del recorte del presupuesto universitario. Estudiantes salen en las inmediaciones de la Universidad Central del Ecuador, en medio de la pandemia del covid-19<\/p>\n\n\n\n<figure class=\"wp-block-image\"><img decoding=\"async\" src=\"https:\/\/pbs.twimg.com\/ext_tw_video_thumb\/1257699513369866252\/pu\/img\/5TJjUD8flupaTq-e?format=jpg&amp;name=small\" alt=\"Video insertado\"\/><\/figure>\n\n\n\n<p><a href=\"https:\/\/twitter.com\/elcomerciocom\/status\/1257699580050845698\"><\/a><a href=\"https:\/\/twitter.com\/intent\/like?tweet_id=1257699580050845698\">4.518<\/a><a href=\"https:\/\/twitter.com\/elcomerciocom\/status\/1257699580050845698\"><time datetime=\"2020-05-05T15:52:01+0000\">17:52 &#8211; 5 may. 2020<\/time><\/a><a href=\"https:\/\/support.twitter.com\/articles\/20175256\">Informaci\u00f3n y privacidad de Twitter Ads<\/a><a href=\"https:\/\/twitter.com\/elcomerciocom\/status\/1257699580050845698\">3.095 personas est\u00e1n hablando de esto<\/a><\/p>\n\n\n\n<p>El&nbsp;expresidente de la Sociedad Argentina de Infectolog\u00eda Lautaro de Vedia, considera que, m\u00e1s all\u00e1 de las razones de los reclamos, que pueden ser v\u00e1lidos y necesarios, una protesta presencial en la calle \u00abaumenta considerablemente el riesgo de circulaci\u00f3n del virus\u00bb, y cuanto m\u00e1s se disipa,&nbsp;<strong>crecen los problemas para los m\u00e1s vulnerables<\/strong>.&nbsp;<\/p>\n\n\n\n<p>Por eso, sostiene, es preferible evitarlas, a\u00fan cuando se tomaran todos los recaudos, como mantener una distancia de dos metros, usar tapabocas, entre otras medidas que, considera el m\u00e9dico, \u00abno son f\u00e1ciles de garantizar\u00bb. \u00ab<strong>No ser\u00eda responsable alentar las protestas callejeras<\/strong>, porque podr\u00edan multiplicar r\u00e1pidamente los contagios. No solo durante la protesta misma, sino tambi\u00e9n en el traslado de las personas hacia el lugar donde se realiza\u00bb.&nbsp;<\/p>\n\n\n\n<p>Seg\u00fan cree De Vedia, ese tipo de reclamos presenciales en las calles&nbsp;<strong>\u00abdeber\u00edan&nbsp;esperar un poquito\u00bb<\/strong>.&nbsp;Mientras tanto, recomienda&nbsp;buscar alternativas como las redes sociales, proyecciones de im\u00e1genes en los edificios o cacerolazos desde los domicilios.<\/p>\n\n\n\n<h3 class=\"wp-block-heading\">Cacerolazos por la \u00ablibertad\u00bb<\/h3>\n\n\n\n<p>Esta \u00faltima modalidad se hizo muy popular en Argentina a partir de la crisis de 2001, y hoy no distingue sectores pol\u00edticos, aunque es caracter\u00edstica de la clase media, en especial de la derecha.<\/p>\n\n\n\n<p>La semana pasada, a partir de una curiosa campa\u00f1a en las redes sociales, en algunos barrios acomodados de Buenos Aires las cacerolas sonaron contra la \u00abliberaci\u00f3n de presos\u00bb \u2014en realidad, se trata de otorgamiento de prisiones domiciliarias\u2014 dispuesta por la Justicia debido al coronavirus, y para exigir el fin de la cuarentena, una demanda basada en el argumento de que, con el confinamiento, el Gobierno \u00abcomunista\u00bb de Alberto Fern\u00e1ndez\u00a0<strong>ataca las libertades individuales y destruye la econom\u00eda<\/strong>.<\/p>\n\n\n\n<p>A su vez, en varias ciudades de Brasil, hubo cacerolazos&nbsp;el mes pasado por parte de familias indignadas que exigen la renuncia del presidente Jair Bolsonaro, debido a&nbsp;las pol\u00edticas relajadas que adopt\u00f3 frente a la pandemia, y tras haber destituido al exministro de Salud, Luiz Henrique Mandetta. &nbsp;<\/p>\n\n\n\n<p>Para la licenciada Gradin, en Argentina ese descontento apunta m\u00e1s bien a la administraci\u00f3n de la econom\u00eda y no tanto a las pol\u00edticas sanitarias, aunque remarca que lo que ocurre en las redes suele ser \u00absobredimensionado\u00bb, y no se traduce en las calles. De hecho, la convocatoria a la \u00abmarcha de los barbijos\u00bb no tuvo ning\u00fan resultado. &nbsp;<\/p>\n\n\n\n<p>\u00abDe todos modos es interesante analizar c\u00f3mo por un lado un sector reclama protecci\u00f3n social, por falta de infraestructura, alimentaci\u00f3n o por los riesgos de la violencia, problemas preexistentes que la cuarentena agrava; y por otro lado, tenemos a los sectores medios y altos reclamando mayor libertad, libertad de mercado, de movimiento. Son las cl\u00e1sicas miradas liberales y populistas de c\u00f3mo resolver la cuesti\u00f3n social. Y ponen de manifiesto que&nbsp;<strong>el problema base es la desigualdad y la cuesti\u00f3n de clases<\/strong>\u00ab, analiza la tambi\u00e9n investigadora de la Facultad Latinoamericana&nbsp;de Ciencias Sociales (Flacso).&nbsp;&nbsp;<\/p>\n\n\n\n<h3 class=\"wp-block-heading\">Una parad\u00f3jica protesta<\/h3>\n\n\n\n<p>En M\u00e9xico, un grupo de personas manifest\u00f3 el pasado 1 de abril frente a un hospital de Axochiapan, estado de Morelos, y amenaz\u00f3 con prender fuego el edificio si albergaban all\u00ed a pacientes con coronavirus, cuando los casos ya superaron los 27.600 y hay&nbsp;m\u00e1s de 2.700 muertes en todo el pa\u00eds.<\/p>\n\n\n\n<p>Luego de la protesta, uno de los manifestantes contrajo la enfermedad y muri\u00f3. \u00abS\u00ed, es uno de los l\u00edderes que hicieron movimiento contra el hospital de Axochiapan. Ingres\u00f3 al hospital con datos de dificultad respiratoria el d\u00eda s\u00e1bado, se le atendi\u00f3, pero desgraciadamente, falleci\u00f3\u00bb, confirm\u00f3 a la prensa el director general de los servicios de Salud de Morelos, H\u00e9ctor Bar\u00f3n Olivares, seg\u00fan report\u00f3&nbsp;<a href=\"https:\/\/www.eluniversal.com.mx\/estados\/protesta-afuera-de-hospital-muere-por-covid\" target=\"_blank\" rel=\"noreferrer noopener\">El Universal<\/a>.<\/p>\n\n\n\n<p>Seg\u00fan la polit\u00f3loga argentina, este tipo de hechos exhiben a una sociedad acostumbrada a la mirada individualista, neoliberal, de c\u00f3mo resolver un problema. \u00abEl aislamiento social obligatorio en Argentina fue una medida exitosa porque buena parte de la poblaci\u00f3n entendi\u00f3 la necesidad de aislarse, no tanto desde un punto de vista social, sino individual,&nbsp;<strong>por el miedo al contagio<\/strong>\u00ab, dice Gradin. Y propone otro ejemplo local: \u00abAc\u00e1 tenemos a los vecinos aplaudiendo a los trabajadores de la salud todos los d\u00edas a las 21:00, religiosamente, y a su vez reclamando que no est\u00e9n en sus edificios. Son los h\u00e9roes an\u00f3nimos que nos ayudan a combatir el coronavirus, pero no queremos que se nos aproximen\u00bb.<\/p>\n\n\n\n<figure class=\"wp-block-image\"><img decoding=\"async\" src=\"https:\/\/cdni.rt.com\/actualidad\/public_images\/2020.05\/original\/5eb9d0dbe9ff71068c6f678f.JPG\" alt=\"\"\/><figcaption>Luisa Gonz\u00e1lez&nbsp;\/ Reuters<\/figcaption><\/figure>\n\n\n\n<p>Frente a todo lo expuesto, y ya pensando en una futura \u00abnueva normalidad\u00bb, Gradin no ve posible una reconfiguraci\u00f3n de los modelos econ\u00f3micos y sociales que rigen en todo el continente: \u00abHay una coyuntura propicia para dar ciertas discusiones al interior de cada pa\u00eds sobre la matriz distributiva, pero eso no significa que vaya a haber un cambio radical del modo de producci\u00f3n, o una crisis estructural de la sociedad capitalista.&nbsp;<strong>Las desigualdades entran con m\u00e1s fuerza en la agenda<\/strong>, pero habr\u00e1 que ver c\u00f3mo se resuelven\u00bb.&nbsp;<\/p>\n\n\n\n<p>La polit\u00f3loga considera que la movilizaci\u00f3n en la calle \u00abes una herramienta hist\u00f3rica\u00bb y no piensa que por los riesgos del coronavirus pueda desaparecer. \u00abSeguramente habr\u00e1&nbsp;<strong>nuevas formas de protesta<\/strong>&nbsp;que tengan en cuenta la cuesti\u00f3n sanitaria, pero creo que ser\u00e1 central el rol que jueguen los&nbsp;interlocutores \u2014sindicatos, organizaciones sociales, feministas\u2014 y la mediaci\u00f3n que estos generen en su discusi\u00f3n con los gobiernos\u00bb, sostiene.<\/p>\n\n\n\n<p>En ese sentido, resulta preocupante para la investigadora ver c\u00f3mo en Argentina, gremios importantes como el de comercio, automotrices, metal\u00fargicos y otros rubros acordaron con las patronales suspensiones y rebajas salariales de\u00a0<strong>hasta 30 %<\/strong>. \u00abEs algo que en otro contexto hubiera generado un esc\u00e1ndalo y un proceso de movilizaci\u00f3n muy fuerte. Esto permite entender que el problema econ\u00f3mico es muy cr\u00edtico y que buena parte de los trabajadores perciben que\u00a0<strong>todo podr\u00eda ser mucho peor<\/strong>. Y aceptan resignar esa porci\u00f3n de sus sueldos para conservar el empleo\u00bb. \u00a0<\/p>\n\n\n\n<p>Fuente: RT. <\/p>\n","protected":false},"excerpt":{"rendered":"<p>El 2019 fue un a\u00f1o de fuerte conflictividad social en Latinoam\u00e9rica. Las protestas que ocurrieron&nbsp;en varios pa\u00edses de la regi\u00f3n, y que parec\u00edan tener cierta continuidad este a\u00f1o, se vieron suspendidas por la pandemia de coronavirus.&nbsp; Sin embargo, la crisis social y econ\u00f3mica que se vive en buena parte del continente motivar\u00e1 nuevas manifestaciones, algunas [&hellip;]<\/p>\n","protected":false},"author":44079,"featured_media":70259,"comment_status":"open","ping_status":"open","sticky":false,"template":"","format":"standard","meta":{"footnotes":""},"categories":[40],"tags":[],"class_list":["post-70258","post","type-post","status-publish","format-standard","has-post-thumbnail","hentry","category-internacionales"],"_links":{"self":[{"href":"https:\/\/2horizontes.com\/index.php?rest_route=\/wp\/v2\/posts\/70258","targetHints":{"allow":["GET"]}}],"collection":[{"href":"https:\/\/2horizontes.com\/index.php?rest_route=\/wp\/v2\/posts"}],"about":[{"href":"https:\/\/2horizontes.com\/index.php?rest_route=\/wp\/v2\/types\/post"}],"author":[{"embeddable":true,"href":"https:\/\/2horizontes.com\/index.php?rest_route=\/wp\/v2\/users\/44079"}],"replies":[{"embeddable":true,"href":"https:\/\/2horizontes.com\/index.php?rest_route=%2Fwp%2Fv2%2Fcomments&post=70258"}],"version-history":[{"count":1,"href":"https:\/\/2horizontes.com\/index.php?rest_route=\/wp\/v2\/posts\/70258\/revisions"}],"predecessor-version":[{"id":70260,"href":"https:\/\/2horizontes.com\/index.php?rest_route=\/wp\/v2\/posts\/70258\/revisions\/70260"}],"wp:featuredmedia":[{"embeddable":true,"href":"https:\/\/2horizontes.com\/index.php?rest_route=\/wp\/v2\/media\/70259"}],"wp:attachment":[{"href":"https:\/\/2horizontes.com\/index.php?rest_route=%2Fwp%2Fv2%2Fmedia&parent=70258"}],"wp:term":[{"taxonomy":"category","embeddable":true,"href":"https:\/\/2horizontes.com\/index.php?rest_route=%2Fwp%2Fv2%2Fcategories&post=70258"},{"taxonomy":"post_tag","embeddable":true,"href":"https:\/\/2horizontes.com\/index.php?rest_route=%2Fwp%2Fv2%2Ftags&post=70258"}],"curies":[{"name":"wp","href":"https:\/\/api.w.org\/{rel}","templated":true}]}}