{"id":70212,"date":"2020-05-09T12:38:28","date_gmt":"2020-05-09T11:38:28","guid":{"rendered":"http:\/\/2horizontes.com\/?p=70212"},"modified":"2020-05-09T12:38:30","modified_gmt":"2020-05-09T11:38:30","slug":"la-jce-afina-protocolo-para-los-comicios-del-5-de-julio","status":"publish","type":"post","link":"https:\/\/2horizontes.com\/?p=70212","title":{"rendered":"La JCE afina protocolo para los comicios del 5 de julio"},"content":{"rendered":"\n<p>Los trabajos para la cele\u00adbraci\u00f3n de elecciones pre\u00adsidenciales y congresuales se montan a todo vapor para realizarse el pr\u00f3xi\u00admo 5 de julio, pese a que la pandemia del Covid-19 a\u00fan afecta al pa\u00eds.<\/p>\n\n\n\n<p>Para poder llevar a ca\u00adbo este proceso, la Jun\u00adta Central Electoral (JCE) se encuentra afinando los protocolos que se implan\u00adtar\u00e1n en los recintos y co\u00adlegios electorales, a fin de que el derecho al voto no sea contraproducente a la salud p\u00fablica.<\/p>\n\n\n\n<p>Para ello, en ning\u00fan ca\u00adso las personas podr\u00e1n acercarse menos de dos metros, y los votantes de\u00adber\u00e1n salir inmediatamen\u00adte del colegio electoral, para mantener el distan\u00adciamiento social, explic\u00f3 Julio C\u00e9sar Casta\u00f1os Guz\u00adm\u00e1n, presidente del orga\u00adnismo electoral.<\/p>\n\n\n\n<p>Durante su participa\u00adci\u00f3n en el Foro Virtual: \u201cElecciones en tiempos de pandemia\u201d, organizado por la Organizaci\u00f3n de los Es\u00adtados Americanos (OEA), Casta\u00f1os Guzm\u00e1n afirm\u00f3 que se est\u00e1 trabajando a to\u00addo vapor y que la decisi\u00f3n es que \u201cs\u00ed o s\u00ed hay elecciones el 5 de julio\u201d, y que la even\u00adtual segunda vuelta se har\u00eda el 26 de julio.<\/p>\n\n\n\n<p>En cuanto al Protocolo Sanitario que est\u00e1 crean\u00addo la JCE en conjunto con los partidos pol\u00edticos, se to\u00adma como referencia la ex\u00adperiencia coreana, la opi\u00adni\u00f3n de la Organizaci\u00f3n Panamericana de la Salud, el Ministerio de Salud P\u00fa\u00adblica y todas las medidas sanitarias y de distancia\u00admiento dictadas al respec\u00adto.<\/p>\n\n\n\n<p>Indic\u00f3 que ponderan ex\u00adtender el horario de vota\u00adci\u00f3n, a fin de evitar que se aglomeren votantes en los recintos de votaci\u00f3n en las pr\u00f3ximas elecciones del 5 de julio.<\/p>\n\n\n\n<p>\u201cNos han estado m\u00e1s o menos diciendo, que con protocolo sanitario, guar\u00addando, seg\u00fan la Organi\u00adzaci\u00f3n Panamericana de la Salud entre un elector y otro dos metros, realmente este es un asunto que de al\u00adguna manera hace que sea m\u00e1s lento el proceso\u201d, justi\u00adfic\u00f3 el titular del organismo comicial.<\/p>\n\n\n\n<p>Tambi\u00e9n se discute si los votantes sean segmentados por sexo, y que por tanto se plantea que las mujeres voten en la ma\u00f1ana y los hombres en la tarde. Res\u00adpecto del voto de dominica\u00adnos en el exterior, dijo que el voto contemplado en la Constituci\u00f3n dominicana es presencial y \u201cesto nos crea la situaci\u00f3n de que nosotros no podemos augurar sin el permiso de los Estados re\u00adceptores de que esas casi 600 mil personas empadro\u00adnadas puedan votar\u201d.<\/p>\n\n\n\n<p>Inform\u00f3 que la JCE se encuentra adquiriendo to\u00addos los materiales sanita\u00adrios, a la vez que explic\u00f3 que \u201cson 130 mil personas, entre funcionarios de cole\u00adgios electorales, miembros de Juntas Electorales, t\u00e9c\u00adnicos, personal de soporte, Polic\u00eda Militar Electoral, en\u00adtre otros, que deben ir debi\u00addamente protegidos\u201d.<\/p>\n\n\n\n<p>List\u00edn Diario. <\/p>\n","protected":false},"excerpt":{"rendered":"<p>Los trabajos para la cele\u00adbraci\u00f3n de elecciones pre\u00adsidenciales y congresuales se montan a todo vapor para realizarse el pr\u00f3xi\u00admo 5 de julio, pese a que la pandemia del Covid-19 a\u00fan afecta al pa\u00eds. Para poder llevar a ca\u00adbo este proceso, la Jun\u00adta Central Electoral (JCE) se encuentra afinando los protocolos que se implan\u00adtar\u00e1n en los [&hellip;]<\/p>\n","protected":false},"author":44079,"featured_media":70140,"comment_status":"open","ping_status":"open","sticky":false,"template":"","format":"standard","meta":{"footnotes":""},"categories":[43,44],"tags":[],"class_list":["post-70212","post","type-post","status-publish","format-standard","has-post-thumbnail","hentry","category-politica","category-republica-dominicana"],"_links":{"self":[{"href":"https:\/\/2horizontes.com\/index.php?rest_route=\/wp\/v2\/posts\/70212","targetHints":{"allow":["GET"]}}],"collection":[{"href":"https:\/\/2horizontes.com\/index.php?rest_route=\/wp\/v2\/posts"}],"about":[{"href":"https:\/\/2horizontes.com\/index.php?rest_route=\/wp\/v2\/types\/post"}],"author":[{"embeddable":true,"href":"https:\/\/2horizontes.com\/index.php?rest_route=\/wp\/v2\/users\/44079"}],"replies":[{"embeddable":true,"href":"https:\/\/2horizontes.com\/index.php?rest_route=%2Fwp%2Fv2%2Fcomments&post=70212"}],"version-history":[{"count":1,"href":"https:\/\/2horizontes.com\/index.php?rest_route=\/wp\/v2\/posts\/70212\/revisions"}],"predecessor-version":[{"id":70213,"href":"https:\/\/2horizontes.com\/index.php?rest_route=\/wp\/v2\/posts\/70212\/revisions\/70213"}],"wp:featuredmedia":[{"embeddable":true,"href":"https:\/\/2horizontes.com\/index.php?rest_route=\/wp\/v2\/media\/70140"}],"wp:attachment":[{"href":"https:\/\/2horizontes.com\/index.php?rest_route=%2Fwp%2Fv2%2Fmedia&parent=70212"}],"wp:term":[{"taxonomy":"category","embeddable":true,"href":"https:\/\/2horizontes.com\/index.php?rest_route=%2Fwp%2Fv2%2Fcategories&post=70212"},{"taxonomy":"post_tag","embeddable":true,"href":"https:\/\/2horizontes.com\/index.php?rest_route=%2Fwp%2Fv2%2Ftags&post=70212"}],"curies":[{"name":"wp","href":"https:\/\/api.w.org\/{rel}","templated":true}]}}