{"id":70208,"date":"2020-05-09T12:24:02","date_gmt":"2020-05-09T11:24:02","guid":{"rendered":"http:\/\/2horizontes.com\/?p=70208"},"modified":"2020-05-09T12:24:04","modified_gmt":"2020-05-09T11:24:04","slug":"republica-dominicana-no-hay-fecha-para-reactivacion-de-vuelos-comerciales-en-el-pais","status":"publish","type":"post","link":"https:\/\/2horizontes.com\/?p=70208","title":{"rendered":"Rep\u00fablica Dominicana: No hay fecha para reactivaci\u00f3n de vuelos comerciales en el pa\u00eds"},"content":{"rendered":"\n<p>El Instituto Dominicano de Aviaci\u00f3n Civil (IDAC) y la empresa Aeropuertos Dominicanos Siglo XXI (Aerodom), todav\u00eda no tienen fecha del reinicio de la operaci\u00f3n de los vuelos comerciales y de la reapertura de los aeropuertos del pa\u00eds, cerrados desde el mes de marzo para evitar la expansi\u00f3n del coronavirus.<\/p>\n\n\n\n<p>Alejandro Herrera, director del IDAC, declar\u00f3 a List\u00edn Diario que todav\u00eda ese organismo no hab\u00eda recibido ninguna notificaci\u00f3n sobre el particular.<\/p>\n\n\n\n<p>Admiti\u00f3, sin embargo, que recibi\u00f3 una comunicaci\u00f3n de la&nbsp; Asociaci\u00f3n Internacional de Transporte A\u00e9reo (IATA, por su sigla en ingl\u00e9s), pero que en sentido general no se habla de fecha.<\/p>\n\n\n\n<p>\u201cTodav\u00eda nosotros no tenemos nada preciso con respecto al reinicio de las operaciones de los vuelos internacionales en el pa\u00eds\u201d, asegur\u00f3.<\/p>\n\n\n\n<p>De su lado, el director de comunicaci\u00f3n corporativa de Aerodom, Luis L\u00f3pez, aclar\u00f3 que la empresa est\u00e1 a la espera de la decisi\u00f3n que en ese sentido tome el presidente Danilo Medina.<\/p>\n\n\n\n<p>\u201cHemos vistos varias noticias en medios de comunicaci\u00f3n con supuestas fechas de reinicio de las operaciones de los aeropuertos, pero oficialmente no sabemos nada al respecto\u201d, expres\u00f3.<\/p>\n\n\n\n<p>No obstante, varias aerol\u00edneas norteamericanas, con frecuencias de vuelos regulares desde\u00a0 Estados Unidos hacia la Rep\u00fablica Dominicana, ya han publicado en su portales de internet fechas de reinicio de sus operaciones de vuelos hacia el pa\u00eds.\u00a0\u00a0\u00a0\u00a0\u00a0<\/p>\n\n\n\n<p>Entre los aeropuertos que se mantienen cerrados est\u00e1n el Internacional de Las Am\u00e9ricas, Jos\u00e9 Francisco Pe\u00f1a G\u00f3mez; Gregorio Luper\u00f3n, de Puerto Plata; Mar\u00eda Montez, Barahona; Arroyo Barril, Sanana; Hig\u00fcero Doctor Joaqu\u00edn Balaguer, Distrito Nacional y Profesor Juan Bosch, Catey, en Saman\u00e1.<\/p>\n\n\n\n<p>Fuente: List\u00edn Diario. <\/p>\n","protected":false},"excerpt":{"rendered":"<p>El Instituto Dominicano de Aviaci\u00f3n Civil (IDAC) y la empresa Aeropuertos Dominicanos Siglo XXI (Aerodom), todav\u00eda no tienen fecha del reinicio de la operaci\u00f3n de los vuelos comerciales y de la reapertura de los aeropuertos del pa\u00eds, cerrados desde el mes de marzo para evitar la expansi\u00f3n del coronavirus. Alejandro Herrera, director del IDAC, declar\u00f3 [&hellip;]<\/p>\n","protected":false},"author":44079,"featured_media":70086,"comment_status":"open","ping_status":"open","sticky":false,"template":"","format":"standard","meta":{"footnotes":""},"categories":[63,44,64],"tags":[],"class_list":["post-70208","post","type-post","status-publish","format-standard","has-post-thumbnail","hentry","category-economia","category-republica-dominicana","category-turismo"],"_links":{"self":[{"href":"https:\/\/2horizontes.com\/index.php?rest_route=\/wp\/v2\/posts\/70208","targetHints":{"allow":["GET"]}}],"collection":[{"href":"https:\/\/2horizontes.com\/index.php?rest_route=\/wp\/v2\/posts"}],"about":[{"href":"https:\/\/2horizontes.com\/index.php?rest_route=\/wp\/v2\/types\/post"}],"author":[{"embeddable":true,"href":"https:\/\/2horizontes.com\/index.php?rest_route=\/wp\/v2\/users\/44079"}],"replies":[{"embeddable":true,"href":"https:\/\/2horizontes.com\/index.php?rest_route=%2Fwp%2Fv2%2Fcomments&post=70208"}],"version-history":[{"count":1,"href":"https:\/\/2horizontes.com\/index.php?rest_route=\/wp\/v2\/posts\/70208\/revisions"}],"predecessor-version":[{"id":70211,"href":"https:\/\/2horizontes.com\/index.php?rest_route=\/wp\/v2\/posts\/70208\/revisions\/70211"}],"wp:featuredmedia":[{"embeddable":true,"href":"https:\/\/2horizontes.com\/index.php?rest_route=\/wp\/v2\/media\/70086"}],"wp:attachment":[{"href":"https:\/\/2horizontes.com\/index.php?rest_route=%2Fwp%2Fv2%2Fmedia&parent=70208"}],"wp:term":[{"taxonomy":"category","embeddable":true,"href":"https:\/\/2horizontes.com\/index.php?rest_route=%2Fwp%2Fv2%2Fcategories&post=70208"},{"taxonomy":"post_tag","embeddable":true,"href":"https:\/\/2horizontes.com\/index.php?rest_route=%2Fwp%2Fv2%2Ftags&post=70208"}],"curies":[{"name":"wp","href":"https:\/\/api.w.org\/{rel}","templated":true}]}}