{"id":70144,"date":"2020-05-07T10:27:20","date_gmt":"2020-05-07T09:27:20","guid":{"rendered":"http:\/\/2horizontes.com\/?p=70144"},"modified":"2020-05-07T10:27:23","modified_gmt":"2020-05-07T09:27:23","slug":"espana-registra-213-fallecidos-en-24-horas-y-los-contagiados-repuntan-hasta-754","status":"publish","type":"post","link":"https:\/\/2horizontes.com\/?p=70144","title":{"rendered":"Espa\u00f1a registra 213 fallecidos en 24 horas y los contagiados repuntan hasta 754"},"content":{"rendered":"\n<p>Este jueves Espa\u00f1a ha registrado 213 fallecidos y 754 nuevos contagios. Los primeros significan un descenso de 31 decesos con respecto a la jornada anterior, mientras que los nuevos casos confirmados por PCR han experimentado un ligero incremento del 10 %.<\/p>\n\n\n\n<p>Las regiones con los peores datos siguen siendo la Comunidad de Madrid y Catalu\u00f1a,&nbsp;que acumulan el mayor n\u00famero de positivos y de fallecimientos.&nbsp;<\/p>\n\n\n\n<p>Espa\u00f1a sigue siendo el cuarto pa\u00eds con m\u00e1s muertes por coronavirus, 26.070, por detr\u00e1s de EE.UU., Reino Unido e Italia; y el segundo pa\u00eds con m\u00e1s casos confirmados, 221.447, tan solo superado por EE.UU.<\/p>\n\n\n\n<h3 class=\"wp-block-heading\">A la espera de avanzar en la desescalada<\/h3>\n\n\n\n<p>Mientras, el pa\u00eds est\u00e1 pendiente de qu\u00e9 regiones pasar\u00e1n a la siguiente fase de la desescalada. Despu\u00e9s de que el Gobierno aprobara un plan que consta de cuatro fases, que se inici\u00f3 el pasado 4 de mayo con todo el Estado en la fase 0, salvo en cuatro islas, a partir de este 11 de mayo algunos territorios podr\u00edan avanzar a la fase 1.<\/p>\n\n\n\n<p>En principio todas las Comunidades Aut\u00f3nomas, salvo Castilla y Le\u00f3n y Catalu\u00f1a han solicitado al Gobierno el pase a la siguiente fase. En el caso de Catalu\u00f1a lo ha solicitado para 3 de sus nueve departamentos sanitarios, entre los que no la ciudad de Barcelona. Lo mismo sucede en Castilla y Le\u00f3n, que ha pedido desescalar por zonas b\u00e1sicas de salud, para que 26 \u00e1reas de su territorio, que engloban a 53.000 habitantes, pudieran ver aliviadas las restricciones.<\/p>\n\n\n\n<p>Los planes han sido presentando los gobiernos auton\u00f3micos. Tras la decisi\u00f3n del Gobierno de Pedro S\u00e1nchez se sabr\u00e1 qu\u00e9 regiones el lunes pr\u00f3ximo tendr\u00e1n permitidas reuniones de hasta 10 personas, la apertura de terrazas al 50 % de su aforo o la apertura de comercios tambi\u00e9n con aforo limitado.<\/p>\n\n\n\n<h3 class=\"wp-block-heading\">El Congreso vota 15 d\u00edas m\u00e1s de estado de alarma<\/h3>\n\n\n\n<p>El Ejecutivo bicolor presidido por Pedro S\u00e1nchez logr\u00f3 este mi\u00e9rcoles el respaldo&nbsp;del Pleno del Congreso&nbsp;para prorrogar el estado de alarma, en vigor desde el pasado 14 de marzo, hasta el pr\u00f3ximo 24 de mayo con 178 votos a favor, 75 en contra y 97 abstenciones.<\/p>\n\n\n\n<p>\u00abLevantar el estado de alarma ahora ser\u00eda un error absoluto\u00bb, sostuvo S\u00e1nchez en la tribuna, tras recordar que la medida es \u00abuna&nbsp;herramienta legal b\u00e1sica&nbsp;y clave\u00bb.<\/p>\n\n\n\n<p>El Estado de alarma permite al Gobierno ejercer facultades especiales que le permite varias prerrogativas: limitar la&nbsp;circulaci\u00f3n, requisar todo tipo de bienes&nbsp;de manera temporal o&nbsp;racionar&nbsp;el uso de&nbsp;servicios&nbsp;o el&nbsp;consumo de art\u00edculos&nbsp;de primera necesidad, entre otras. Pero ahora mismo el foco se encuentra en los paquetes econ\u00f3micos de ayuda a peque\u00f1as empresas y aut\u00f3nomos y a trabajadores, ligadas a la vigencia de este estado.<\/p>\n\n\n\n<p>As\u00ed,&nbsp;en el \u00e1mbito econ\u00f3mico y laboral se han aprobado medidas como el pago fraccionado de los impuestos de pymes y aut\u00f3nomos, que descuenta los d\u00edas del estado de alarma; y ha habilitado&nbsp;permisos laborales retribuidos y expedientes temporales de regulaci\u00f3n de empleo (ERTE) como medidas para evitar o limitar los despidos en las empresas cuya actividad se vea gravemente disminuida por el confinamiento.&nbsp;<\/p>\n\n\n\n<p>Adem\u00e1s, se ha dado luz verde a moratorias para el pago de hipotecas y a ciertas ayudas para hacer frente al pago de los alquileres, y se ha prohibido\u00a0el corte de los suministros b\u00e1sicos a familias vulnerables.<\/p>\n\n\n\n<p>Fuente: RT. <\/p>\n","protected":false},"excerpt":{"rendered":"<p>Este jueves Espa\u00f1a ha registrado 213 fallecidos y 754 nuevos contagios. Los primeros significan un descenso de 31 decesos con respecto a la jornada anterior, mientras que los nuevos casos confirmados por PCR han experimentado un ligero incremento del 10 %. Las regiones con los peores datos siguen siendo la Comunidad de Madrid y Catalu\u00f1a,&nbsp;que [&hellip;]<\/p>\n","protected":false},"author":44079,"featured_media":69677,"comment_status":"open","ping_status":"open","sticky":false,"template":"","format":"standard","meta":{"footnotes":""},"categories":[85,45],"tags":[],"class_list":["post-70144","post","type-post","status-publish","format-standard","has-post-thumbnail","hentry","category-espana","category-salud"],"_links":{"self":[{"href":"https:\/\/2horizontes.com\/index.php?rest_route=\/wp\/v2\/posts\/70144","targetHints":{"allow":["GET"]}}],"collection":[{"href":"https:\/\/2horizontes.com\/index.php?rest_route=\/wp\/v2\/posts"}],"about":[{"href":"https:\/\/2horizontes.com\/index.php?rest_route=\/wp\/v2\/types\/post"}],"author":[{"embeddable":true,"href":"https:\/\/2horizontes.com\/index.php?rest_route=\/wp\/v2\/users\/44079"}],"replies":[{"embeddable":true,"href":"https:\/\/2horizontes.com\/index.php?rest_route=%2Fwp%2Fv2%2Fcomments&post=70144"}],"version-history":[{"count":1,"href":"https:\/\/2horizontes.com\/index.php?rest_route=\/wp\/v2\/posts\/70144\/revisions"}],"predecessor-version":[{"id":70145,"href":"https:\/\/2horizontes.com\/index.php?rest_route=\/wp\/v2\/posts\/70144\/revisions\/70145"}],"wp:featuredmedia":[{"embeddable":true,"href":"https:\/\/2horizontes.com\/index.php?rest_route=\/wp\/v2\/media\/69677"}],"wp:attachment":[{"href":"https:\/\/2horizontes.com\/index.php?rest_route=%2Fwp%2Fv2%2Fmedia&parent=70144"}],"wp:term":[{"taxonomy":"category","embeddable":true,"href":"https:\/\/2horizontes.com\/index.php?rest_route=%2Fwp%2Fv2%2Fcategories&post=70144"},{"taxonomy":"post_tag","embeddable":true,"href":"https:\/\/2horizontes.com\/index.php?rest_route=%2Fwp%2Fv2%2Ftags&post=70144"}],"curies":[{"name":"wp","href":"https:\/\/api.w.org\/{rel}","templated":true}]}}