{"id":70107,"date":"2020-05-04T14:58:02","date_gmt":"2020-05-04T13:58:02","guid":{"rendered":"http:\/\/2horizontes.com\/?p=70107"},"modified":"2020-05-04T14:58:06","modified_gmt":"2020-05-04T13:58:06","slug":"espana-comienza-su-fase-0-de-desescalada-gradual-del-confinamiento-tras-la-cuarentena-por-el-covid-19","status":"publish","type":"post","link":"https:\/\/2horizontes.com\/?p=70107","title":{"rendered":"Espa\u00f1a comienza su fase 0 de desescalada gradual del confinamiento tras la cuarentena por el covid-19"},"content":{"rendered":"\n<p>\n\nEsta primera fase arranca con la reapertura de locales comerciales menores de 400 metros cuadrados.<\/p>\n\n\n\n<figure class=\"wp-block-image\"><img decoding=\"async\" src=\"https:\/\/cdni.rt.com\/actualidad\/public_images\/2020.05\/thumbnail\/5eafd019e9ff7120043378fa.jpg\" alt=\"VIDEO: Espa\u00f1a comienza su fase 0 de desescalada gradual del confinamiento tras la cuarentena por el covid-19\"\/><\/figure>\n\n\n\n<p>Este lunes 4 de mayo Espa\u00f1a da inicio a la primera de las cuatro fases de desescalada del confinamiento programadas para alcanzar la normalidad tras la cuarentena declarada por la pandemia de covid-19.<\/p>\n\n\n\n<p>Se trata de la fase 0, que arranca con la reapertura de locales comerciales&nbsp;<strong>menores de 400 metros cuadrados<\/strong>. Esto incluye peluquer\u00edas, centros de est\u00e9tica, peque\u00f1os negocios y algunos restaurantes y cafeter\u00edas, los cuales operar\u00e1n solo para comidas para llevar.<\/p>\n\n\n\n<figure class=\"wp-block-image\"><img decoding=\"async\" src=\"https:\/\/i.ytimg.com\/vi\/hSkZ5Sawgj4\/sddefault.jpg\" alt=\"\"\/><\/figure>\n\n\n\n<p>No obstante, para acceder a muchos de estos servicios se requerir\u00e1 una&nbsp;<strong>cita previa<\/strong>&nbsp;y solo se ofrecer\u00e1 atenci\u00f3n individual (cada trabajador se ocupar\u00e1 de un cliente). Asimismo, los establecimientos ofrecer\u00e1n un horario de atenci\u00f3n preferente para mayores de 65 a\u00f1os y deber\u00e1n desinfectarse dos veces al d\u00eda.<\/p>\n\n\n\n<p>Estas\u00a0regulaciones\u00a0<strong>no incluyen<\/strong>\u00a0las islas canarias de El Hierro, La Graciosa y La Gomera y la isla balear de Formentera, que comenzar\u00e1n la desescalada en el siguiente paso (Fase 1) debido a la incidencia m\u00ednima de la pandemia.<\/p>\n\n\n\n<p>Entre otras medidas de alivio que incluye este primer periodo est\u00e1n las de movilidad. Estas comprenden&nbsp;<strong>ciertas actividades al aire libre<\/strong>&nbsp;\u2014salvo para los infectados o aquellas personas en cuarentena\u2014 como paseos una vez al d\u00eda a una distancia no superior a un kil\u00f3metro del lugar de residencia. Las salidas podr\u00e1n realizarse con un conviviente y est\u00e1n reguladas por franjas de edad y horarios. El deporte en solitario tambi\u00e9n est\u00e1 permitido, con algunas especificaciones para deportistas profesionales.<\/p>\n\n\n\n<p>En esta fase el&nbsp;<strong>uso de mascarilla ser\u00e1 obligatorio en el transporte p\u00fablico<\/strong>&nbsp;y recomendado para las dem\u00e1s actividades.<\/p>\n\n\n\n<p>Espa\u00f1a tiene planeadas&nbsp;<strong>cuatro fases<\/strong>&nbsp;(0, 1, 2, 3, 4) de quince d\u00edas cada una para alcanzar la nueva normalidad, que se espera para finales de junio. Sin embargo, las condiciones para pasar de una etapa a la siguiente estar\u00e1n determinadas por el cumplimiento de los marcadores epidemiol\u00f3gicos en cada provincia o isla.<\/p>\n\n\n\n<figure class=\"wp-block-image\"><img decoding=\"async\" src=\"https:\/\/i.ytimg.com\/vi\/XYtA4ueEchc\/sddefault.jpg\" alt=\"\"\/><\/figure>\n\n\n\n<p><a href=\"https:\/\/actualidad.rt.com\/actualidad\/351710-salvador-entrevista-mara-barrio18-surenos\" target=\"_blank\" rel=\"noreferrer noopener\"><\/a><\/p>\n","protected":false},"excerpt":{"rendered":"<p>Esta primera fase arranca con la reapertura de locales comerciales menores de 400 metros cuadrados. Este lunes 4 de mayo Espa\u00f1a da inicio a la primera de las cuatro fases de desescalada del confinamiento programadas para alcanzar la normalidad tras la cuarentena declarada por la pandemia de covid-19. Se trata de la fase 0, que [&hellip;]<\/p>\n","protected":false},"author":44079,"featured_media":70108,"comment_status":"open","ping_status":"open","sticky":false,"template":"","format":"standard","meta":{"footnotes":""},"categories":[85],"tags":[],"class_list":["post-70107","post","type-post","status-publish","format-standard","has-post-thumbnail","hentry","category-espana"],"_links":{"self":[{"href":"https:\/\/2horizontes.com\/index.php?rest_route=\/wp\/v2\/posts\/70107","targetHints":{"allow":["GET"]}}],"collection":[{"href":"https:\/\/2horizontes.com\/index.php?rest_route=\/wp\/v2\/posts"}],"about":[{"href":"https:\/\/2horizontes.com\/index.php?rest_route=\/wp\/v2\/types\/post"}],"author":[{"embeddable":true,"href":"https:\/\/2horizontes.com\/index.php?rest_route=\/wp\/v2\/users\/44079"}],"replies":[{"embeddable":true,"href":"https:\/\/2horizontes.com\/index.php?rest_route=%2Fwp%2Fv2%2Fcomments&post=70107"}],"version-history":[{"count":1,"href":"https:\/\/2horizontes.com\/index.php?rest_route=\/wp\/v2\/posts\/70107\/revisions"}],"predecessor-version":[{"id":70109,"href":"https:\/\/2horizontes.com\/index.php?rest_route=\/wp\/v2\/posts\/70107\/revisions\/70109"}],"wp:featuredmedia":[{"embeddable":true,"href":"https:\/\/2horizontes.com\/index.php?rest_route=\/wp\/v2\/media\/70108"}],"wp:attachment":[{"href":"https:\/\/2horizontes.com\/index.php?rest_route=%2Fwp%2Fv2%2Fmedia&parent=70107"}],"wp:term":[{"taxonomy":"category","embeddable":true,"href":"https:\/\/2horizontes.com\/index.php?rest_route=%2Fwp%2Fv2%2Fcategories&post=70107"},{"taxonomy":"post_tag","embeddable":true,"href":"https:\/\/2horizontes.com\/index.php?rest_route=%2Fwp%2Fv2%2Ftags&post=70107"}],"curies":[{"name":"wp","href":"https:\/\/api.w.org\/{rel}","templated":true}]}}