{"id":70104,"date":"2020-05-04T14:53:31","date_gmt":"2020-05-04T13:53:31","guid":{"rendered":"http:\/\/2horizontes.com\/?p=70104"},"modified":"2020-05-04T14:53:34","modified_gmt":"2020-05-04T13:53:34","slug":"espana-registra-164-muertos-por-coronavirus-por-segundo-dia-consecutivo-y-los-contagiados-caen-a-356","status":"publish","type":"post","link":"https:\/\/2horizontes.com\/?p=70104","title":{"rendered":"Espa\u00f1a registra 164 muertos por coronavirus por segundo d\u00eda consecutivo y los contagiados caen a 356"},"content":{"rendered":"\n<p>Este mi\u00e9rcoles Espa\u00f1a ha registrado 354 nuevos contagios, 164 fallecimientos y 2.441 pacientes curados de coronavirus en las \u00faltimas 24 horas. Si bien el n\u00famero de muertes est\u00e1 en la l\u00ednea de las jornadas anteriores (se han registrado los mismos decesos que este domingo),&nbsp;<strong>el descenso de los nuevos casos confirmados por PCR es muy acusado<\/strong>.<\/p>\n\n\n\n<p>Uno de los motivos de esta bajada tan sensible es que la Comunidad de&nbsp;<strong>Madrid<\/strong>, la m\u00e1s afectada por la epidemia de todo el pa\u00eds,&nbsp;<strong>ha cambiado su manera de contabilizar los casos<\/strong>. De modo que ha pasado de alrededor de 1.000 nuevos contagios diarios la semana pasada, a tan solo 1 en el d\u00eda de hoy. La raz\u00f3n es que desde hace tres jornadas, la regi\u00f3n de&nbsp;Madrid consolida diariamente la serie de casos,&nbsp;<strong>asignando a los casos nuevos notificados la fecha en la que se toma la muestra<\/strong>&nbsp;o se emite el resultado. As\u00ed, aunque este mi\u00e9rcoles contabiliza tan solo un nuevo positivo, en el c\u00f3mputo total, con respecto a la jornada de ayer hay 190 nuevos casos.<\/p>\n\n\n\n<figure class=\"wp-block-image\"><a href=\"https:\/\/twitter.com\/SaludPublicaEs\"><img decoding=\"async\" src=\"https:\/\/pbs.twimg.com\/profile_images\/1236943460382445569\/_drEH31Z_normal.png\" alt=\"\"\/><\/a><\/figure>\n\n\n\n<p><a href=\"https:\/\/twitter.com\/SaludPublicaEs\"><strong>Salud P\u00fablica<\/strong><strong>&#x2714;<\/strong>@SaludPublicaEs<\/a><a href=\"https:\/\/twitter.com\/SaludPublicaEs\/status\/1257242765567635456\"><\/a><\/p>\n\n\n\n<p>Datos sobre <a href=\"https:\/\/twitter.com\/hashtag\/COVID19?src=hash\">#COVID19<\/a> en Espa\u00f1a, desde el primer caso inicial, actualizados a hoy 4 de mayo:<br><br>Confirmados por PCR: 218.011<br>Fallecidos: 25.428<br>Curados: 121.343<br><br>Informaci\u00f3n por CC.AA.:<a href=\"https:\/\/t.co\/XNM3o546VN\" rel=\"noreferrer noopener\" target=\"_blank\">https:\/\/www.mscbs.gob.es\/profesionales\/saludPublica\/ccayes\/alertasActual\/nCov-China\/documentos\/Actualizacion_94_COVID-19.pdf&nbsp;\u2026<\/a><br><br>M\u00e1s info<a href=\"https:\/\/t.co\/GH8nqIFQ4l\" rel=\"noreferrer noopener\" target=\"_blank\">http:\/\/covid19.isciii.es&nbsp;<\/a><a href=\"https:\/\/twitter.com\/hashtag\/EsteVirusLoParamosUnidos?src=hash\">#EsteVirusLoParamosUnidos<\/a><\/p>\n\n\n\n<figure class=\"wp-block-image\"><a href=\"https:\/\/twitter.com\/SaludPublicaEs\/status\/1257242765567635456\/photo\/1\"><img decoding=\"async\" src=\"https:\/\/pbs.twimg.com\/media\/EXKfiQCWkAA_hbH?format=jpg&amp;name=small\" alt=\"Ver imagen en Twitter\"\/><\/a><\/figure>\n\n\n\n<p><a href=\"https:\/\/twitter.com\/intent\/like?tweet_id=1257242765567635456\">139<\/a><a href=\"https:\/\/twitter.com\/SaludPublicaEs\/status\/1257242765567635456\">11:36 &#8211; 4 may. 2020<\/a><a href=\"https:\/\/support.twitter.com\/articles\/20175256\">Informaci\u00f3n y privacidad de Twitter Ads<\/a><a href=\"https:\/\/twitter.com\/SaludPublicaEs\/status\/1257242765567635456\">212 personas est\u00e1n hablando de esto<\/a><\/p>\n\n\n\n<p>Otra de las causas es que las tres \u00faltimas jornadas no han sido laborables en el pa\u00eds, por lo que puede haber cierto&nbsp;<strong>retraso en las notificaciones<\/strong>&nbsp;de casos, como sucede habitualmente tras un fin de semana, por lo que es previsible un repunte de las cifras de positivos seg\u00fan avance la semana.<\/p>\n\n\n\n<h3 class=\"wp-block-heading\">Comienza la desescalada<\/h3>\n\n\n\n<p>Este mi\u00e9rcoles comienza en Espa\u00f1a la denominada como Fase 0, la&nbsp;<strong>primera de las cuatro fases<\/strong>&nbsp;en las que las autoridades del pa\u00eds han dividido la desescalada de las medidas restrictivas puestas en marcha para frenar la propagaci\u00f3n de la epidemia de coronavirus.<\/p>\n\n\n\n<p>As\u00ed, a partir de hoy\u00a0<strong>se reanuda la actividad en algunos comercios y servicios profesionales<\/strong>\u00a0con requisitos de protecci\u00f3n, higiene y aforo. Una de las nuevas medidas es la\u00a0<strong>obligatoriedad del uso de mascarillas higi\u00e9nicas en el transporte<\/strong>\u00a0p\u00fablico.<\/p>\n\n\n\n<p>La situaci\u00f3n actual se&nbsp;caracteriza por el establecimiento de medidas de alivio comunes para todo el pa\u00eds, despu\u00e9s de que se haya conseguido&nbsp;<strong>doblegar la curva de contagios<\/strong>. Se permite la movilidad fuera del domicilio, fundamentalmente en el \u00e1mbito privado, as\u00ed como actividades con un riesgo de contagio muy bajo o nulo, como puede ser la&nbsp;<strong>actividad deportiva individual sin contacto y los paseos<\/strong>, la atenci\u00f3n de huertos familiares, o la apertura de algunas actividades econ\u00f3micas con control de aforo y medidas excepcionales de higiene.<\/p>\n\n\n\n<p>Adem\u00e1s, durante esta fase se podr\u00e1n adoptar medidas que afecten exclusivamente a determinados territorios. En concreto, las autoridades sanitarias contemplan en este sentido a algunas islas sin movilidad exterior y con tasas de contagio pr\u00e1cticamente nulas. As\u00ed, en&nbsp;<strong>Formentera<\/strong>, en las Islas Baleares, y en&nbsp;<strong>La Gomera, La Graciosa y El Hierro<\/strong>, en las Islas Canarias,&nbsp;<strong>comenzar\u00e1n este lunes&nbsp;en la&nbsp;fase 1<\/strong>.<\/p>\n\n\n\n<h3 class=\"wp-block-heading\">\u00bfQu\u00e9 se permite en la fase 1?<\/h3>\n\n\n\n<p>Las 4 islas que inician la desescalada directamente en la fase 1, as\u00ed como el resto de provincias que se sumen a este nivel el pr\u00f3ximo d\u00eda 11, tienen permitidas\u00a0<strong>reuniones de hasta 10 personas dentro y fuera del domicilio<\/strong>, siempre respetando la distancia de seguridad de dos metros y las medidas de higiene como el lavado de manos.<\/p>\n\n\n\n<p>Los residentes en un mismo domicilio podr\u00e1n&nbsp;<strong>desplazarse en un mismo veh\u00edculo<\/strong>&nbsp;y a los velatorios podr\u00e1n asistir hasta un m\u00e1ximo de&nbsp;15&nbsp;personas al aire libre o 10 en espacios cerrados, en lugar de los tres allegados permitidos hasta ahora.<\/p>\n\n\n\n<p><strong>Las terrazas<\/strong>&nbsp;de los negocios de restauraci\u00f3n podr\u00e1n abrir con un&nbsp;<strong>50 % del aforo<\/strong>, eliminando los utensilios de uso com\u00fan (como cartas de men\u00fa o servilleteros) y desinfectando las mesas y sillas entre el uso por un grupo de clientes y otro. Por su parte,&nbsp;<strong>las tiendas<\/strong>&nbsp;de menos de 400 metros cuadrados podr\u00e1n abrir&nbsp;<strong>sin cita previa con un 30 % de su aforo<\/strong>, desinfectando el local dos veces al d\u00eda.<\/p>\n\n\n\n<h3 class=\"wp-block-heading\">\u00bfCu\u00e1ndo puede pasar un territorio de una fase a otra?<\/h3>\n\n\n\n<p>El presidente espa\u00f1ol, Pedro S\u00e1nchez, ya avanz\u00f3 que la desescalada ser\u00eda&nbsp;<strong>asim\u00e9trica<\/strong>. Es decir, los distintos territorios avanzar\u00e1n de una fase a otra seg\u00fan vayan cumpliendo una serie de par\u00e1metros. As\u00ed, los requisitos ser\u00e1n los mismos, pero la velocidad a la que se avance puede ser diferente.<\/p>\n\n\n\n<p>De esta manera, no hay certeza de cu\u00e1ndo un territorio podr\u00e1 pasar de una fase a otra, sino que su avance a las fases siguientes depender\u00e1 de&nbsp;<strong>c\u00f3mo progrese la epidemia y las capacidades sanitarias de la zona<\/strong>, dentro de un marco de&nbsp;<a href=\"https:\/\/www.lamoncloa.gob.es\/consejodeministros\/resumenes\/Documents\/2020\/28042020_Anexo%20I%20PANEL%20DE%20INDICADORES.pdf\" target=\"_blank\" rel=\"noreferrer noopener\">indicadores<\/a>&nbsp;qu\u00e9 ha confeccionado el Ministerio de Sanidad.<\/p>\n\n\n\n<p>En ese panel de indicadores integral se contemplan&nbsp;<strong>informaci\u00f3n epidemiol\u00f3gica y capacidades sanitarias, de movilidad, indicadores econ\u00f3mico-sociales<\/strong>. La valoraci\u00f3n de todos ellos determinar\u00e1n la decisi\u00f3n de las autoridades sanitarias.<\/p>\n","protected":false},"excerpt":{"rendered":"<p>Este mi\u00e9rcoles Espa\u00f1a ha registrado 354 nuevos contagios, 164 fallecimientos y 2.441 pacientes curados de coronavirus en las \u00faltimas 24 horas. Si bien el n\u00famero de muertes est\u00e1 en la l\u00ednea de las jornadas anteriores (se han registrado los mismos decesos que este domingo),&nbsp;el descenso de los nuevos casos confirmados por PCR es muy acusado. [&hellip;]<\/p>\n","protected":false},"author":44079,"featured_media":69678,"comment_status":"open","ping_status":"open","sticky":false,"template":"","format":"standard","meta":{"footnotes":""},"categories":[85,45],"tags":[],"class_list":["post-70104","post","type-post","status-publish","format-standard","has-post-thumbnail","hentry","category-espana","category-salud"],"_links":{"self":[{"href":"https:\/\/2horizontes.com\/index.php?rest_route=\/wp\/v2\/posts\/70104","targetHints":{"allow":["GET"]}}],"collection":[{"href":"https:\/\/2horizontes.com\/index.php?rest_route=\/wp\/v2\/posts"}],"about":[{"href":"https:\/\/2horizontes.com\/index.php?rest_route=\/wp\/v2\/types\/post"}],"author":[{"embeddable":true,"href":"https:\/\/2horizontes.com\/index.php?rest_route=\/wp\/v2\/users\/44079"}],"replies":[{"embeddable":true,"href":"https:\/\/2horizontes.com\/index.php?rest_route=%2Fwp%2Fv2%2Fcomments&post=70104"}],"version-history":[{"count":1,"href":"https:\/\/2horizontes.com\/index.php?rest_route=\/wp\/v2\/posts\/70104\/revisions"}],"predecessor-version":[{"id":70105,"href":"https:\/\/2horizontes.com\/index.php?rest_route=\/wp\/v2\/posts\/70104\/revisions\/70105"}],"wp:featuredmedia":[{"embeddable":true,"href":"https:\/\/2horizontes.com\/index.php?rest_route=\/wp\/v2\/media\/69678"}],"wp:attachment":[{"href":"https:\/\/2horizontes.com\/index.php?rest_route=%2Fwp%2Fv2%2Fmedia&parent=70104"}],"wp:term":[{"taxonomy":"category","embeddable":true,"href":"https:\/\/2horizontes.com\/index.php?rest_route=%2Fwp%2Fv2%2Fcategories&post=70104"},{"taxonomy":"post_tag","embeddable":true,"href":"https:\/\/2horizontes.com\/index.php?rest_route=%2Fwp%2Fv2%2Ftags&post=70104"}],"curies":[{"name":"wp","href":"https:\/\/api.w.org\/{rel}","templated":true}]}}