{"id":70090,"date":"2020-05-03T15:14:22","date_gmt":"2020-05-03T14:14:22","guid":{"rendered":"http:\/\/2horizontes.com\/?p=70090"},"modified":"2020-05-03T15:14:24","modified_gmt":"2020-05-03T14:14:24","slug":"cae-avion-en-bolivia-con-repatriados-espanoles-hay-seis-muertos","status":"publish","type":"post","link":"https:\/\/2horizontes.com\/?p=70090","title":{"rendered":"Cae avi\u00f3n en Bolivia con repatriados espa\u00f1oles; hay seis muertos"},"content":{"rendered":"\n<p>BOLIVIA.<\/p>\n\n\n\n<p>Seis&nbsp;<strong>personas murieron<\/strong>&nbsp;este s\u00e1bado en un accidente a\u00e9reo en el&nbsp;<strong>noreste de Bolivia<\/strong>, entre ellos&nbsp;<a href=\"https:\/\/www.la-razon.com\/nacional\/2020\/05\/02\/seis-fallecidos-siniestro-avioneta-fab-espanoles-repatriados\/\" rel=\"noreferrer noopener\" target=\"_blank\"><strong>cuatros espa\u00f1oles que iban a ser repatriados&nbsp;<\/strong><\/a>a su pa\u00eds,<strong>&nbsp;inform\u00f3 el Ej\u00e9rcito de Bolivia.<\/strong><\/p>\n\n\n\n<blockquote class=\"wp-block-quote is-layout-flow wp-block-quote-is-layout-flow\"><p>Al realizar una operaci\u00f3n a\u00e9rea de ayuda humanitaria, (la nave) sufri\u00f3 un accidente al transportar ciudadanos espa\u00f1oles para repatriaci\u00f3n desde el aeropuerto Teniente Jorge Henrich, en ruta Trinidad-Santa Cruz\u00bb, indic\u00f3 la Fuerza A\u00e9rea Boliviana en un comunicado.<\/p><\/blockquote>\n\n\n\n<p>Fuentes militares consultadas por la AFP precisaron que los cuatro pasajeros muertos eran tres hombres espa\u00f1oles y&nbsp;<strong>una mujer boliviana<\/strong>&nbsp;con nacionalidad espa\u00f1ola que ten\u00edan previsto tomar un vuelo humanitario desde Santa Cruz hacia Espa\u00f1a debido al cierre de fronteras decretado para frenar la propagaci\u00f3n del nuevo coronavirus.<\/p>\n\n\n\n<p>En el accidente, ocurrido poco despu\u00e9s de que el&nbsp;<strong>avi\u00f3n militar despegara de la ciudad de Trinidad,<\/strong>&nbsp;en un \u00e1rea conocida como la Laguna Su\u00e1rez (a 10 km), tambi\u00e9n murieron los dos pilotos, de nacionalidad boliviana.&nbsp;<\/p>\n\n\n\n<p>El avi\u00f3n bimotor de la Fuerza A\u00e9rea Boliviana transportaba v\u00edveres de ayuda humanitaria y&nbsp;<strong>muestras de test de coronavirus&nbsp;<\/strong>que iban a ser procesadas en un laboratorio de Santa Cruz, explicaron estas fuentes.<\/p>\n\n\n\n<p>La Junta de Investigaci\u00f3n de<strong>\u00a0Accidentes Aeron\u00e1uticos presentar\u00e1\u00a0<\/strong>un informe sobre las causas del siniestro en el plazo de 8 d\u00edas.<\/p>\n\n\n\n<p>Fuente: Excelsior. <\/p>\n","protected":false},"excerpt":{"rendered":"<p>BOLIVIA. Seis&nbsp;personas murieron&nbsp;este s\u00e1bado en un accidente a\u00e9reo en el&nbsp;noreste de Bolivia, entre ellos&nbsp;cuatros espa\u00f1oles que iban a ser repatriados&nbsp;a su pa\u00eds,&nbsp;inform\u00f3 el Ej\u00e9rcito de Bolivia. Al realizar una operaci\u00f3n a\u00e9rea de ayuda humanitaria, (la nave) sufri\u00f3 un accidente al transportar ciudadanos espa\u00f1oles para repatriaci\u00f3n desde el aeropuerto Teniente Jorge Henrich, en ruta Trinidad-Santa Cruz\u00bb, [&hellip;]<\/p>\n","protected":false},"author":44079,"featured_media":70091,"comment_status":"open","ping_status":"open","sticky":false,"template":"","format":"standard","meta":{"footnotes":""},"categories":[85,40],"tags":[],"class_list":["post-70090","post","type-post","status-publish","format-standard","has-post-thumbnail","hentry","category-espana","category-internacionales"],"_links":{"self":[{"href":"https:\/\/2horizontes.com\/index.php?rest_route=\/wp\/v2\/posts\/70090","targetHints":{"allow":["GET"]}}],"collection":[{"href":"https:\/\/2horizontes.com\/index.php?rest_route=\/wp\/v2\/posts"}],"about":[{"href":"https:\/\/2horizontes.com\/index.php?rest_route=\/wp\/v2\/types\/post"}],"author":[{"embeddable":true,"href":"https:\/\/2horizontes.com\/index.php?rest_route=\/wp\/v2\/users\/44079"}],"replies":[{"embeddable":true,"href":"https:\/\/2horizontes.com\/index.php?rest_route=%2Fwp%2Fv2%2Fcomments&post=70090"}],"version-history":[{"count":1,"href":"https:\/\/2horizontes.com\/index.php?rest_route=\/wp\/v2\/posts\/70090\/revisions"}],"predecessor-version":[{"id":70092,"href":"https:\/\/2horizontes.com\/index.php?rest_route=\/wp\/v2\/posts\/70090\/revisions\/70092"}],"wp:featuredmedia":[{"embeddable":true,"href":"https:\/\/2horizontes.com\/index.php?rest_route=\/wp\/v2\/media\/70091"}],"wp:attachment":[{"href":"https:\/\/2horizontes.com\/index.php?rest_route=%2Fwp%2Fv2%2Fmedia&parent=70090"}],"wp:term":[{"taxonomy":"category","embeddable":true,"href":"https:\/\/2horizontes.com\/index.php?rest_route=%2Fwp%2Fv2%2Fcategories&post=70090"},{"taxonomy":"post_tag","embeddable":true,"href":"https:\/\/2horizontes.com\/index.php?rest_route=%2Fwp%2Fv2%2Ftags&post=70090"}],"curies":[{"name":"wp","href":"https:\/\/api.w.org\/{rel}","templated":true}]}}