{"id":70082,"date":"2020-05-03T14:09:24","date_gmt":"2020-05-03T13:09:24","guid":{"rendered":"http:\/\/2horizontes.com\/?p=70082"},"modified":"2020-05-03T14:09:26","modified_gmt":"2020-05-03T13:09:26","slug":"espana-registra-164-muertos-por-covid-19-en-un-dia-la-cifra-mas-baja-desde-que-se-decreto-el-estado-de-alarma","status":"publish","type":"post","link":"https:\/\/2horizontes.com\/?p=70082","title":{"rendered":"Espa\u00f1a registra 164 muertos por covid-19 en un d\u00eda, la cifra m\u00e1s baja desde que se decret\u00f3 el estado de alarma"},"content":{"rendered":"\n<p>Espa\u00f1a ha registrado en las \u00faltimas 24 horas 164 nuevos decesos por coronavirus, la cifra m\u00e1s baja desde que se decret\u00f3 el estado de alarma hace 50 d\u00edas, ha informado este domingo el presidente del Gobierno, Pedro S\u00e1nchez, en una videoconferencia con los presidentes auton\u00f3micos.<\/p>\n\n\n\n<p>La cifra de los \u00faltimos fallecidos adelantada por el jefe del Gobierno eleva a 25.264 el total de muertos desde el inicio del brote.<\/p>\n\n\n\n<p>El presidente tambi\u00e9n ha revelado que los contagios por covid-19 confirmados desde este s\u00e1bado no superan el millar.<\/p>\n\n\n\n<p>El Ministerio de Sanidad precisa en su \u00faltimo&nbsp;<a href=\"https:\/\/www.mscbs.gob.es\/profesionales\/saludPublica\/ccayes\/alertasActual\/nCov-China\/documentos\/Actualizacion_94_COVID-19.pdf\" target=\"_blank\" rel=\"noreferrer noopener\">balance<\/a>&nbsp;que, en las \u00faltimas 24 horas, el pa\u00eds ha registrado&nbsp;<strong>838 nuevos casos<\/strong>&nbsp;confirmados con test PCR, lo que eleva la cifra total a 217.466 contagios.<\/p>\n\n\n\n<p>Entretanto, 1.654 pacientes han superado la enfermedad en la \u00faltima jornada, lo que sit\u00faa en 118.902 el n\u00famero de personas que se han recuperado del covid-19 desde el incio del brote.<\/p>\n\n\n\n<p>S\u00e1nchez se reunido telem\u00e1ticamente con los presidentes de las comunidades aut\u00f3nomas, a los que ha presentado un fondo especial de 16.000 millones de euros \u00abpara la recuperaci\u00f3n social y econ\u00f3mica\u00bb.<\/p>\n\n\n\n<h3 class=\"wp-block-heading\">\u00bfUna nueva pr\u00f3rroga?<\/h3>\n\n\n\n<p>Pese a la mejora de las estad\u00edsticas, S\u00e1nchez comunic\u00f3 este s\u00e1bado que el pr\u00f3ximo mi\u00e9rcoles pedir\u00e1 al Congreso extender el estado de alarma otros 15 d\u00edas.\u00a0<\/p>\n\n\n\n<p>\u00abNo hay plan B, todos los pa\u00edses est\u00e1n utilizando un instrumento semejante al nuestro\u00bb, argument\u00f3 el mandatario. En este sentido, se reafirm\u00f3 en que la medida est\u00e1 siendo&nbsp;<strong>eficaz y ampara a muchos colectivos<\/strong>. \u00abSab\u00edamos que la \u00fanica manera de frenar el virus era el confinamiento\u00bb, subray\u00f3.<\/p>\n\n\n\n<p>S\u00e1nchez tambi\u00e9n anunci\u00f3 que a partir del pr\u00f3ximo lunes, 4 de mayo, ser\u00e1 obligatorio el uso de mascarillas en todo el transporte p\u00fablico.<\/p>\n\n\n\n<p>Desde el pasado viernes, el n\u00famero de pacientes curados\u00a0<a rel=\"noreferrer noopener\" href=\"https:\/\/actualidad.rt.com\/actualidad\/351701-bajar-cifras-diarias-coronavirus-espana\" target=\"_blank\">supera<\/a>\u00a0ampliamente al de los nuevos casos diarios confirmados, lo que ha llevado al Gobierno a aprobar un plan para regresar paulatinamente a la normalidad, eliminando poco a poco las restricciones impuestas para atajar la pandemia.<\/p>\n\n\n\n<p>Fuente: RT. <\/p>\n","protected":false},"excerpt":{"rendered":"<p>Espa\u00f1a ha registrado en las \u00faltimas 24 horas 164 nuevos decesos por coronavirus, la cifra m\u00e1s baja desde que se decret\u00f3 el estado de alarma hace 50 d\u00edas, ha informado este domingo el presidente del Gobierno, Pedro S\u00e1nchez, en una videoconferencia con los presidentes auton\u00f3micos. La cifra de los \u00faltimos fallecidos adelantada por el jefe [&hellip;]<\/p>\n","protected":false},"author":44079,"featured_media":70083,"comment_status":"open","ping_status":"open","sticky":false,"template":"","format":"standard","meta":{"footnotes":""},"categories":[85,45],"tags":[],"class_list":["post-70082","post","type-post","status-publish","format-standard","has-post-thumbnail","hentry","category-espana","category-salud"],"_links":{"self":[{"href":"https:\/\/2horizontes.com\/index.php?rest_route=\/wp\/v2\/posts\/70082","targetHints":{"allow":["GET"]}}],"collection":[{"href":"https:\/\/2horizontes.com\/index.php?rest_route=\/wp\/v2\/posts"}],"about":[{"href":"https:\/\/2horizontes.com\/index.php?rest_route=\/wp\/v2\/types\/post"}],"author":[{"embeddable":true,"href":"https:\/\/2horizontes.com\/index.php?rest_route=\/wp\/v2\/users\/44079"}],"replies":[{"embeddable":true,"href":"https:\/\/2horizontes.com\/index.php?rest_route=%2Fwp%2Fv2%2Fcomments&post=70082"}],"version-history":[{"count":1,"href":"https:\/\/2horizontes.com\/index.php?rest_route=\/wp\/v2\/posts\/70082\/revisions"}],"predecessor-version":[{"id":70084,"href":"https:\/\/2horizontes.com\/index.php?rest_route=\/wp\/v2\/posts\/70082\/revisions\/70084"}],"wp:featuredmedia":[{"embeddable":true,"href":"https:\/\/2horizontes.com\/index.php?rest_route=\/wp\/v2\/media\/70083"}],"wp:attachment":[{"href":"https:\/\/2horizontes.com\/index.php?rest_route=%2Fwp%2Fv2%2Fmedia&parent=70082"}],"wp:term":[{"taxonomy":"category","embeddable":true,"href":"https:\/\/2horizontes.com\/index.php?rest_route=%2Fwp%2Fv2%2Fcategories&post=70082"},{"taxonomy":"post_tag","embeddable":true,"href":"https:\/\/2horizontes.com\/index.php?rest_route=%2Fwp%2Fv2%2Ftags&post=70082"}],"curies":[{"name":"wp","href":"https:\/\/api.w.org\/{rel}","templated":true}]}}