{"id":70063,"date":"2020-05-02T14:28:49","date_gmt":"2020-05-02T13:28:49","guid":{"rendered":"http:\/\/2horizontes.com\/?p=70063"},"modified":"2020-05-02T14:28:51","modified_gmt":"2020-05-02T13:28:51","slug":"la-oms-advierte-a-los-paises-que-se-preparen-para-una-segunda-y-tercera-ola-de-contagios-de-coronavirus","status":"publish","type":"post","link":"https:\/\/2horizontes.com\/?p=70063","title":{"rendered":"La OMS advierte a los pa\u00edses que se preparen para una segunda y tercera ola de contagios de coronavirus"},"content":{"rendered":"\n<p>El director para Europa de la Organizaci\u00f3n Mundial de la Salud (OMS), Hans Kluge, ha advertido este viernes en&nbsp;<a href=\"http:\/\/www.euro.who.int\/en\/about-us\/regional-director\/statements\/statement-we-cannot-allow-the-impact-of-covid-19-to-be-amplified-by-neglecting-other-vital-health-protection-measures\" target=\"_blank\" rel=\"noreferrer noopener\">rueda de prensa<\/a>&nbsp;que los pa\u00edses deben prepararse para una&nbsp;<strong>\u00absegunda o tercera ola\u00bb<\/strong>&nbsp;del coronavirus, hasta que haya una vacuna disponible.&nbsp;<\/p>\n\n\n\n<p>\u00abSi la primera ola ha pasado, [la cuesti\u00f3n clave] es que&nbsp;<strong>hemos comprado el tiempo<\/strong>&nbsp;para prepararnos ante una segunda o tercera ola, particularmente si no hay vacuna\u00bb, expres\u00f3.&nbsp;<\/p>\n\n\n\n<p>Cuando se cumplen\u00a0<strong>tres meses<\/strong>\u00a0de la declaraci\u00f3n de emergencia internacional de salud p\u00fablica que emiti\u00f3 la OMS por el brote coronavirus, el funcionario destac\u00f3 la importancia de\u00a0<strong>estar preparado ante cualquier eventualidad<\/strong>, \u00abya sea para una segunda ola u otro brote de otro futuro agente infeccioso\u00bb, lo que \u2014recalc\u00f3\u2014 requerir\u00e1 la colaboraci\u00f3n y la comprensi\u00f3n\u00bb de todos.\u00a0<\/p>\n\n\n\n<p>A&nbsp;medida que se van aliviando las medidas de confinamiento y de bloqueo, Kluge pide a los ciudadanos que cumplan con&nbsp;su parte \u00abmientras se mueven hacia una nueva realidad en la que la salud p\u00fablica debe tener un lugar m\u00e1s destacado en la sociedad\u00bb.<\/p>\n\n\n\n<p>En l\u00ednea con las declaraciones&nbsp;del&nbsp;<a href=\"https:\/\/actualidad.rt.com\/actualidad\/351374-director-general-oms-mundo-tenia-haber-escuchado-lanzamos-advertencia\" target=\"_blank\" rel=\"noreferrer noopener\">director general<\/a>&nbsp;de la organizaci\u00f3n, Tedros Adhanom Ghebreyesus, que sugiri\u00f3 este mi\u00e9rcoles que&nbsp;\u00abla pandemia est\u00e1 lejos de terminar\u00bb, el director de la OMS para Europa advirti\u00f3 que el covid-19 \u00abno va a desaparecer pronto\u00bb, al tiempo que subray\u00f3 que la incidencia de la pandemia&nbsp;Europa&nbsp;<strong>sigue siendo seria<\/strong>, si bien la curva tiende a aplanarse o se reduce el aumento de nuevos casos en algunas partes del continente.<\/p>\n\n\n\n<p>Europa acumula\u00a0<strong>el 46 % de los casos y el 63 % de las muertes<\/strong>\u00a0a nivel mundial por coronavirus. En todo el continente, los contagios han aumentado un 15 % en los \u00faltimos 7 d\u00edas, elev\u00e1ndose a<strong>\u00a01.408.266<\/strong>. Mientras tanto, las muertes han aumentado un 18 % durante el mismo per\u00edodo, elev\u00e1ndose a\u00a0<strong>129.344<\/strong>, constat\u00f3 Kluge.<\/p>\n\n\n\n<p>Fuente: RT.<\/p>\n","protected":false},"excerpt":{"rendered":"<p>El director para Europa de la Organizaci\u00f3n Mundial de la Salud (OMS), Hans Kluge, ha advertido este viernes en&nbsp;rueda de prensa&nbsp;que los pa\u00edses deben prepararse para una&nbsp;\u00absegunda o tercera ola\u00bb&nbsp;del coronavirus, hasta que haya una vacuna disponible.&nbsp; \u00abSi la primera ola ha pasado, [la cuesti\u00f3n clave] es que&nbsp;hemos comprado el tiempo&nbsp;para prepararnos ante una segunda [&hellip;]<\/p>\n","protected":false},"author":44079,"featured_media":69900,"comment_status":"open","ping_status":"open","sticky":false,"template":"","format":"standard","meta":{"footnotes":""},"categories":[40],"tags":[],"class_list":["post-70063","post","type-post","status-publish","format-standard","has-post-thumbnail","hentry","category-internacionales"],"_links":{"self":[{"href":"https:\/\/2horizontes.com\/index.php?rest_route=\/wp\/v2\/posts\/70063","targetHints":{"allow":["GET"]}}],"collection":[{"href":"https:\/\/2horizontes.com\/index.php?rest_route=\/wp\/v2\/posts"}],"about":[{"href":"https:\/\/2horizontes.com\/index.php?rest_route=\/wp\/v2\/types\/post"}],"author":[{"embeddable":true,"href":"https:\/\/2horizontes.com\/index.php?rest_route=\/wp\/v2\/users\/44079"}],"replies":[{"embeddable":true,"href":"https:\/\/2horizontes.com\/index.php?rest_route=%2Fwp%2Fv2%2Fcomments&post=70063"}],"version-history":[{"count":1,"href":"https:\/\/2horizontes.com\/index.php?rest_route=\/wp\/v2\/posts\/70063\/revisions"}],"predecessor-version":[{"id":70064,"href":"https:\/\/2horizontes.com\/index.php?rest_route=\/wp\/v2\/posts\/70063\/revisions\/70064"}],"wp:featuredmedia":[{"embeddable":true,"href":"https:\/\/2horizontes.com\/index.php?rest_route=\/wp\/v2\/media\/69900"}],"wp:attachment":[{"href":"https:\/\/2horizontes.com\/index.php?rest_route=%2Fwp%2Fv2%2Fmedia&parent=70063"}],"wp:term":[{"taxonomy":"category","embeddable":true,"href":"https:\/\/2horizontes.com\/index.php?rest_route=%2Fwp%2Fv2%2Fcategories&post=70063"},{"taxonomy":"post_tag","embeddable":true,"href":"https:\/\/2horizontes.com\/index.php?rest_route=%2Fwp%2Fv2%2Ftags&post=70063"}],"curies":[{"name":"wp","href":"https:\/\/api.w.org\/{rel}","templated":true}]}}