{"id":70058,"date":"2020-05-01T18:06:14","date_gmt":"2020-05-01T17:06:14","guid":{"rendered":"http:\/\/2horizontes.com\/?p=70058"},"modified":"2020-05-02T15:22:43","modified_gmt":"2020-05-02T14:22:43","slug":"republica-dominicana-casos-de-coronavirus-suben-a-7288-en-rd-316-en-ultimas-24-horas","status":"publish","type":"post","link":"https:\/\/2horizontes.com\/?p=70058","title":{"rendered":"Rep\u00fablica Dominicana: Casos de coronavirus suben a 7,288 en RD; 313 en \u00faltimas 24 horas"},"content":{"rendered":"\n<p><strong>Santo Domingo, RD<\/strong><\/p>\n\n\n\n<p>El ministerio de Salud P\u00fablica inform\u00f3 que los casos de coronavirus en Rep\u00fablica Dominicana aumentaron a 7,288, con la suma de 316 nuevos infectados.<\/p>\n\n\n\n<p>De acuerdo con el ministro de Salud, Rafael S\u00e1nchez C\u00e1rdenas, la cifra de muertos ascendi\u00f3 a 313, 12 en \u00faltimas horas<\/p>\n\n\n\n<p>El Distrito Nacional registr\u00f3 90 casos nuevos en un d\u00eda, mientras que Duarte tuvo dos casos nuevos.<\/p>\n\n\n\n<p>Mientras que la cantidad de hospitalizados es 620 hospitalizaciones seg\u00fan los registros en el Sistema de Vigilancia.<\/p>\n\n\n\n<p>Inform\u00f3 que de los hospitalizados 108 est\u00e1n recluidos en Unidades de Cuidados Intensivos (UCI), solo 54 est\u00e1n en ventilaci\u00f3n.<\/p>\n\n\n\n<p>El primer caso importado de coronavirus COVID-19, el italiano Claudio Pascualini, recibi\u00f3 el mi\u00e9rcoles 22 de abril el alta m\u00e9dica luego de m\u00e1s de 50 d\u00edas ingresado en el Hospital Militar Docente Doctor Ram\u00f3n de Lara.<\/p>\n\n\n\n<p>El bolet\u00edn 42, dado a conocer este jueves, indicaba que los casos positivos eran 6,972; los muertos 301 y 1,301 recuperados.<\/p>\n\n\n\n<p>El&nbsp; presidente Danilo Medina extendi\u00f3 el toque de queda de 5:00 de la tarde hasta las 6:00 de la ma\u00f1ana en todo el territorio nacional hasta el domingo 17 de mayo de 2020 y todas las medidas de distanciamiento social adoptadas por el Poder Ejecutivo, de acuerdo con el decreto 154-20.<\/p>\n\n\n\n<p>Asimismo,&nbsp; el presidente prorroga el estado de emergencia en todo el territorio nacional por 17 d\u00edas contados a partir del 1 de mayo.<\/p>\n\n\n\n<figure><iframe loading=\"lazy\" allowfullscreen=\"true\" height=\"315\" src=\"https:\/\/www.facebook.com\/plugins\/video.php?href=https%3A%2F%2Fwww.facebook.com%2Flistindiario%2Fvideos%2F544162749620633%2F&amp;show_text=0&amp;width=560\" width=\"560\"><\/iframe><\/figure>\n\n\n\n<p><br>Fuente: List\u00edn Diario. <\/p>\n","protected":false},"excerpt":{"rendered":"<p>Santo Domingo, RD El ministerio de Salud P\u00fablica inform\u00f3 que los casos de coronavirus en Rep\u00fablica Dominicana aumentaron a 7,288, con la suma de 316 nuevos infectados. De acuerdo con el ministro de Salud, Rafael S\u00e1nchez C\u00e1rdenas, la cifra de muertos ascendi\u00f3 a 313, 12 en \u00faltimas horas El Distrito Nacional registr\u00f3 90 casos nuevos [&hellip;]<\/p>\n","protected":false},"author":44079,"featured_media":69744,"comment_status":"open","ping_status":"open","sticky":false,"template":"","format":"standard","meta":{"footnotes":""},"categories":[44,45],"tags":[],"class_list":["post-70058","post","type-post","status-publish","format-standard","has-post-thumbnail","hentry","category-republica-dominicana","category-salud"],"_links":{"self":[{"href":"https:\/\/2horizontes.com\/index.php?rest_route=\/wp\/v2\/posts\/70058","targetHints":{"allow":["GET"]}}],"collection":[{"href":"https:\/\/2horizontes.com\/index.php?rest_route=\/wp\/v2\/posts"}],"about":[{"href":"https:\/\/2horizontes.com\/index.php?rest_route=\/wp\/v2\/types\/post"}],"author":[{"embeddable":true,"href":"https:\/\/2horizontes.com\/index.php?rest_route=\/wp\/v2\/users\/44079"}],"replies":[{"embeddable":true,"href":"https:\/\/2horizontes.com\/index.php?rest_route=%2Fwp%2Fv2%2Fcomments&post=70058"}],"version-history":[{"count":2,"href":"https:\/\/2horizontes.com\/index.php?rest_route=\/wp\/v2\/posts\/70058\/revisions"}],"predecessor-version":[{"id":70076,"href":"https:\/\/2horizontes.com\/index.php?rest_route=\/wp\/v2\/posts\/70058\/revisions\/70076"}],"wp:featuredmedia":[{"embeddable":true,"href":"https:\/\/2horizontes.com\/index.php?rest_route=\/wp\/v2\/media\/69744"}],"wp:attachment":[{"href":"https:\/\/2horizontes.com\/index.php?rest_route=%2Fwp%2Fv2%2Fmedia&parent=70058"}],"wp:term":[{"taxonomy":"category","embeddable":true,"href":"https:\/\/2horizontes.com\/index.php?rest_route=%2Fwp%2Fv2%2Fcategories&post=70058"},{"taxonomy":"post_tag","embeddable":true,"href":"https:\/\/2horizontes.com\/index.php?rest_route=%2Fwp%2Fv2%2Ftags&post=70058"}],"curies":[{"name":"wp","href":"https:\/\/api.w.org\/{rel}","templated":true}]}}