{"id":70009,"date":"2020-04-28T15:08:52","date_gmt":"2020-04-28T14:08:52","guid":{"rendered":"http:\/\/2horizontes.com\/?p=70009"},"modified":"2020-04-28T15:08:55","modified_gmt":"2020-04-28T14:08:55","slug":"espana-registra-la-cifra-de-contagios-mas-baja-desde-que-se-declaro-el-estado-de-alarma","status":"publish","type":"post","link":"https:\/\/2horizontes.com\/?p=70009","title":{"rendered":"Espa\u00f1a registra la cifra de contagios m\u00e1s baja desde que se declar\u00f3 el estado de alarma"},"content":{"rendered":"\n<p>Los datos de la&nbsp;<a href=\"https:\/\/elpais.com\/noticias\/covid-19\/\" target=\"_blank\" rel=\"noreferrer noopener\">epidemia<\/a>&nbsp;se esperan los martes con la respiraci\u00f3n contenida. Tras la habitual mejora de los fines de semana debida en parte a una menor notificaci\u00f3n por el par\u00f3n de las labores administrativas, suele haber un pico que aten\u00faa la esperanza. Pero este ha sucedido todo lo contrario: baja el n\u00famero de fallecidos por primera vez en el segundo d\u00eda laborable de la semana (301 frente a los 331 del d\u00eda anterior); tambi\u00e9n lo hace el de positivos: 1.308, un 0,6%. Nunca antes desde que se declar\u00f3 el estado de alarma, hace un mes y medio, se hab\u00eda registrado una cifra menor en 24 horas, ni en t\u00e9rminos absolutos ni relativos.<\/p>\n\n\n\n<figure><iframe width=\"1\" height=\"1\"><\/iframe><\/figure>\n\n\n\n<p>Los nuevos casos son solamente los notificados que han sido detectados mediante pruebas PCR, las m\u00e1s fiables. Tras varios cambios de criterio, Sanidad decidi\u00f3 eliminar de sus informes los positivos mediante test serol\u00f3gicos, arguyendo que en ellos se mezclaban contagios antiguos y nuevos, con lo que se distorsionaba la serie. En cualquier caso, ni siquiera contando \u00fanicamente los de PCR hab\u00eda habido una cifra tan baja como la de este martes. El n\u00famero de personas oficialmente infectadas (mucho menor del real, que no se sabr\u00e1 con m\u00e1s exactitud hasta que est\u00e9 lista una&nbsp;<a href=\"https:\/\/elpais.com\/sociedad\/2020-04-27\/sanidad-inicia-el-estudio-en-36000-familias-para-conocer-la-expansion-real-del-coronavirus-en-espana.html\" target=\"_blank\" rel=\"noreferrer noopener\">encuesta nacional de seroprevalencia<\/a>) es de 210.773 detectadas por PCR y 21.355 m\u00e1s con pruebas serol\u00f3gicas.<\/p>\n\n\n\n<p>Desde el lunes, Sanidad aporta un dato nuevo que no se conoc\u00eda porque no todas las comunidades lo reportaban de forma homog\u00e9nea: los nuevos ingresos hospitalarios y en UCI. Este martes 716 personas han sido hospitalizadas y 46 han requerido cuidados intensivos en toda Espa\u00f1a. Solo las dos regiones m\u00e1s azotadas por la pandemia en n\u00famero de casos, Madrid y Catalu\u00f1a han registrado m\u00e1s de 10 ingresos en las \u00faltimas 24 horas (29 y 26, respectivamente). Todas las dem\u00e1s oscilan entre cero y cinco. Tambi\u00e9n son las \u00fanicas dos comunidades que reportan m\u00e1s de 100 ingresos hospitalarios: 432 en Catalu\u00f1a y 162 en Madrid. En de ellas, adem\u00e1s de Ceuta y Melilla, no se ha producido este martes ning\u00fan ingreso en UCI: Asturias, Baleares, Cantabria, Extremadura, Murcia y Cantabria.<\/p>\n\n\n\n<figure><iframe src=\"https:\/\/datawrapper.dwcdn.net\/L8C0A\/38\/\" height=\"556\"><\/iframe><\/figure>\n\n\n\n<p>Fernando Sim\u00f3n, director del Centro de Coordinaci\u00f3n de Alertas y Emergencias Sanitarias ha resaltado que son datos \u201cmuy positivos\u201d. Pero ha advertido de que las medidas de relajaci\u00f3n del confinamiento \u201csi no se hacen bien\u201d pueden conllevar un repunte. \u201cSigue la tendencia muy favorable de los \u00faltimos d\u00edas. Los casos est\u00e1n bajando muy deprisa, como esper\u00e1bamos. Las diferentes actividades de los \u00faltimos d\u00edas, como el paseo de los ni\u00f1os, pr\u00f3ximamente el de adultos, las actividades deportivas, en principio no deber\u00edan tener impacto en la epidemia, pero podr\u00edan, as\u00ed que hemos de tener mucho cuidado\u201d, ha apuntado.<\/p>\n\n\n\n<p>La distribuci\u00f3n es desigual. Aunque el n\u00famero de incidencia en los \u00faltimos 14 d\u00edas (el periodo m\u00e1ximo de incubaci\u00f3n del virus) es de 81 nuevos casos por cada 100.000 habitantes de media en Espa\u00f1a, hay seis comunidades que bajan de 30: Andaluc\u00eda, Asturias, Baleares, Comunidad Valenciana, Murcia y Canarias, adem\u00e1s de Ceuta y Melilla. En los \u00faltimos cuatro territorios mencionados rondan los 10. \u201cSi mantienen esa tendencia, es realmente baja\u201d, ha subrayado Sim\u00f3n. Estas cifras pueden ser claves para la desescalada, que no ser\u00e1 igual en todas las regiones y provincias, sino que ir\u00e1 m\u00e1s r\u00e1pido en aquellas que tengan m\u00e1s controlada la epidemia.<a href=\"javascript:void(0)\"><\/a>Fernando Sim\u00f3n, director del Centro de Coordinaci\u00f3n de Alertas y Emergencias Sanitarias, durante la rueda de prensa del lunes. En v\u00eddeo, sus declaraciones en la comparecencia de este martes.&nbsp;EFE \/ V\u00cdDEO: QUALITY<\/p>\n\n\n\n<p>La cifra de fallecimientos total asciende a 23.822, tambi\u00e9n menor de los que realmente han perdido la vida a causa del coronavirus, ya que se calcula que miles de personas han muerto con covid-19 sin dar antes positivo en una prueba, con lo que no est\u00e1n en la estad\u00edstica oficial. No hay cifra positiva de decesos, pero la del martes consolida una tendencia de mejor\u00eda: es el quinto d\u00eda consecutivo por debajo de 400 muertes. El descenso presenta alg\u00fan altibajo, pero no repuntes que rompan la tendencia, como s\u00ed ha sucedido por ejemplo en Italia.<\/p>\n\n\n\n<p>El n\u00famero de curados lleva cuatro d\u00edas seguidos superando al de positivos (desde el mismo momento que Sanidad dej\u00f3 de tener en cuenta las pruebas serol\u00f3gicas en el recuento de casos diario). Este martes fueron 1.673. El total de altas es de 102.548, un 48,6% de los casos registrados.<\/p>\n\n\n\n<p>En todo el mundo, el n\u00famero de positivos han superado los tres millones y el de muertes, las 211.000, seg\u00fan la Universidad Johns Hopkins.<\/p>\n","protected":false},"excerpt":{"rendered":"<p>Los datos de la&nbsp;epidemia&nbsp;se esperan los martes con la respiraci\u00f3n contenida. Tras la habitual mejora de los fines de semana debida en parte a una menor notificaci\u00f3n por el par\u00f3n de las labores administrativas, suele haber un pico que aten\u00faa la esperanza. Pero este ha sucedido todo lo contrario: baja el n\u00famero de fallecidos por [&hellip;]<\/p>\n","protected":false},"author":44079,"featured_media":69857,"comment_status":"open","ping_status":"open","sticky":false,"template":"","format":"standard","meta":{"footnotes":""},"categories":[85,45],"tags":[],"class_list":["post-70009","post","type-post","status-publish","format-standard","has-post-thumbnail","hentry","category-espana","category-salud"],"_links":{"self":[{"href":"https:\/\/2horizontes.com\/index.php?rest_route=\/wp\/v2\/posts\/70009","targetHints":{"allow":["GET"]}}],"collection":[{"href":"https:\/\/2horizontes.com\/index.php?rest_route=\/wp\/v2\/posts"}],"about":[{"href":"https:\/\/2horizontes.com\/index.php?rest_route=\/wp\/v2\/types\/post"}],"author":[{"embeddable":true,"href":"https:\/\/2horizontes.com\/index.php?rest_route=\/wp\/v2\/users\/44079"}],"replies":[{"embeddable":true,"href":"https:\/\/2horizontes.com\/index.php?rest_route=%2Fwp%2Fv2%2Fcomments&post=70009"}],"version-history":[{"count":1,"href":"https:\/\/2horizontes.com\/index.php?rest_route=\/wp\/v2\/posts\/70009\/revisions"}],"predecessor-version":[{"id":70010,"href":"https:\/\/2horizontes.com\/index.php?rest_route=\/wp\/v2\/posts\/70009\/revisions\/70010"}],"wp:featuredmedia":[{"embeddable":true,"href":"https:\/\/2horizontes.com\/index.php?rest_route=\/wp\/v2\/media\/69857"}],"wp:attachment":[{"href":"https:\/\/2horizontes.com\/index.php?rest_route=%2Fwp%2Fv2%2Fmedia&parent=70009"}],"wp:term":[{"taxonomy":"category","embeddable":true,"href":"https:\/\/2horizontes.com\/index.php?rest_route=%2Fwp%2Fv2%2Fcategories&post=70009"},{"taxonomy":"post_tag","embeddable":true,"href":"https:\/\/2horizontes.com\/index.php?rest_route=%2Fwp%2Fv2%2Ftags&post=70009"}],"curies":[{"name":"wp","href":"https:\/\/api.w.org\/{rel}","templated":true}]}}