{"id":69980,"date":"2020-04-27T13:11:07","date_gmt":"2020-04-27T12:11:07","guid":{"rendered":"http:\/\/2horizontes.com\/?p=69980"},"modified":"2020-04-27T13:16:04","modified_gmt":"2020-04-27T12:16:04","slug":"el-numero-de-muertos-diarios-en-espana-repunta-hasta-331-y-los-recuperados-ya-superan-los-100-000","status":"publish","type":"post","link":"https:\/\/2horizontes.com\/?p=69980","title":{"rendered":"El n\u00famero de muertos diarios en Espa\u00f1a repunta hasta 331 y los recuperados ya superan los 100.000"},"content":{"rendered":"\n<p>Durante la \u00faltima jornada Espa\u00f1a ha registrado 331 fallecidos por coronavirus, situando el total desde que comenz\u00f3 la pandemia en&nbsp;<strong>23.521 decesos<\/strong>. Aunque se trata de una cifra que consolida claramente la tendencia a la baja de las \u00faltimas semanas, supone un ligero repunte con respecto al dato de este domingo, cuando solo se contabilizaron 288 muertes, la cifra m\u00e1s baja desde el 20 de marzo.<\/p>\n\n\n\n<p>El n\u00famero de nuevos contagios diario ha sido de 1.831, lo que hace que el total sea de&nbsp;<strong>209.465 casos positivos confirmados por PCR<\/strong>, a los que habr\u00eda que sumar aquellas personas a las que se han detectado anticuerpos (alrededor de 20.000), de las que se desconoce cu\u00e1ndo contrajeron la infecci\u00f3n.<\/p>\n\n\n\n<p>Adem\u00e1s, los 2.143 nuevos pacientes dados de alta hacen que Espa\u00f1a&nbsp;<strong>supere este lunes los 100.000 enfermos recuperados<\/strong>. Asimismo, esta cifra consolida la fase que inici\u00f3 el pasado viernes. Desde entonces&nbsp;<strong>la cifra de pacientes curados supera diariamente a la de nuevos contagios<\/strong>.<\/p>\n\n\n\n<figure class=\"wp-block-image\"><a href=\"https:\/\/twitter.com\/SaludPublicaEs\"><img decoding=\"async\" src=\"https:\/\/pbs.twimg.com\/profile_images\/1236943460382445569\/_drEH31Z_normal.png\" alt=\"\"\/><\/a><\/figure>\n\n\n\n<p><a href=\"https:\/\/twitter.com\/SaludPublicaEs\"><strong>Salud P\u00fablica<\/strong><strong>&#x2714;<\/strong>@SaludPublicaEs<\/a><a href=\"https:\/\/twitter.com\/SaludPublicaEs\/status\/1254699968914509824\"><\/a><\/p>\n\n\n\n<p>Datos sobre <a href=\"https:\/\/twitter.com\/hashtag\/COVID19?src=hash\">#COVID19<\/a> en Espa\u00f1a, desde el primer caso inicial, actualizados a hoy lunes 27 de abril:<br><br>Confirmados por PCR 209.465<br>Fallecidos 23.521<br>Curados 100.875<br><br>Informaci\u00f3n por CC.AA.:<a href=\"https:\/\/t.co\/TMLFZkFlov\" rel=\"noreferrer noopener\" target=\"_blank\">https:\/\/www.mscbs.gob.es\/profesionales\/saludPublica\/ccayes\/alertasActual\/nCov-China\/documentos\/Actualizacion_88_COVID-19.pdf&nbsp;\u2026<\/a><br><br>M\u00e1s info<a href=\"https:\/\/t.co\/GH8nqIFQ4l\" rel=\"noreferrer noopener\" target=\"_blank\">http:\/\/covid19.isciii.es&nbsp;<\/a><a href=\"https:\/\/twitter.com\/hashtag\/EsteVirusLoParamosUnidos?src=hash\">#EsteVirusLoParamosUnidos<\/a><\/p>\n\n\n\n<figure class=\"wp-block-image\"><a href=\"https:\/\/twitter.com\/SaludPublicaEs\/status\/1254699968914509824\/photo\/1\"><img decoding=\"async\" src=\"https:\/\/pbs.twimg.com\/media\/EWmWeqqWsAAnC9h?format=jpg&amp;name=small\" alt=\"Ver imagen en Twitter\"\/><\/a><\/figure>\n\n\n\n<p><a href=\"https:\/\/twitter.com\/intent\/like?tweet_id=1254699968914509824\">184<\/a><a href=\"https:\/\/twitter.com\/SaludPublicaEs\/status\/1254699968914509824\">11:12 &#8211; 27 abr. 2020<\/a><a href=\"https:\/\/support.twitter.com\/articles\/20175256\">Informaci\u00f3n y privacidad de Twitter Ads<\/a><a href=\"https:\/\/twitter.com\/SaludPublicaEs\/status\/1254699968914509824\">255 personas est\u00e1n hablando de esto<\/a><\/p>\n\n\n\n<h3 class=\"wp-block-heading\">Primer alivio del confinamiento<\/h3>\n\n\n\n<p>Espa\u00f1a contin\u00faa en estado de alarma, es decir, con la poblaci\u00f3n confinada en sus domicilios y los comercios y negocios de apertura al p\u00fablico cerrados, aunque este domingo entr\u00f3 en vigor la&nbsp;<strong>primera medida de desescalada<\/strong>, que&nbsp;<a href=\"https:\/\/actualidad.rt.com\/actualidad\/351247-menores-14-anos-pueden-salir-calle-espana\" target=\"_blank\" rel=\"noreferrer noopener\">permite a los ni\u00f1os salir<\/a>&nbsp;a las calles.<\/p>\n\n\n\n<p>Los menores de hasta 14 a\u00f1os&nbsp;<strong>pueden salir una hora al d\u00eda acompa\u00f1ados de un solo adulto<\/strong>, con el que convivan, a una distancia m\u00e1xima de sus hogares de un kil\u00f3metro, un alivio que hac\u00eda semanas que era solicitado por la Asociaci\u00f3n Espa\u00f1ola de Pediatr\u00eda y otras entidades, adem\u00e1s de por gran parte de la ciudadan\u00eda.<\/p>\n\n\n\n<p>A\u00fan as\u00ed, esta primera jornada no ha estado exenta de pol\u00e9mica, pues han circulado im\u00e1genes en la que\u00a0algunos n\u00facleos familiares\u00a0<strong>se saltaban medidas esenciales<\/strong>. As\u00ed se han denunciado la falta de distancia m\u00ednima entre personas, la presencia de m\u00e1s de un progenitor con los menores o incluso que ni\u00f1os de familias diferentes hayan sido vistos jugando juntos.<\/p>\n\n\n\n<p>\u00abLa desescalada ser\u00e1&nbsp;<strong>gradual<\/strong>, no recuperaremos de golpe toda la movilidad, si no que ser\u00e1 por etapas\u00bb, sostuvo S\u00e1nchez, que se refiri\u00f3 tanto a las medidas de movilidad individual, como a la reapertura de los diferentes negocios y actividades. Adem\u00e1s,&nbsp;destac\u00f3 que se tratar\u00e1 de una escalada \u00ab<strong>asim\u00e9trica<\/strong>\u00bb y que depender\u00e1 de las circunstancias de cada territorio cuando se apliquen las diferentes medidas aperturistas.<\/p>\n\n\n\n<h3 class=\"wp-block-heading\">Inicio del estudio serol\u00f3gico<\/h3>\n\n\n\n<p>Este lunes ha dado comienzo al estudio serol\u00f3gico que analizar\u00e1 a los miembros de&nbsp;<strong>36.000 familias espa\u00f1olas<\/strong>&nbsp;para conocer la prevalencia de la enfermedad covid-19 en Espa\u00f1a. El estudio dise\u00f1ado por el Ministerio de Sanidad tiene por objetivo conocer la&nbsp;<strong>proporci\u00f3n de poblaci\u00f3n inmunizada<\/strong>, adem\u00e1s de detectar nuevos casos y aislarlos.<\/p>\n\n\n\n<p>Los datos se segregar\u00e1n a nivel provincial y local, as\u00ed como&nbsp;<strong>por edad y por sexo<\/strong>. Para ello, se realizar\u00e1 un primer test r\u00e1pido de anticuerpos a trav\u00e9s de una muestra de sangre y posteriormente una segunda prueba de anticuerpos en suero.<\/p>\n\n\n\n<p>La investigaci\u00f3n se llevar\u00e1 a cabo en&nbsp;<strong>tres oleadas<\/strong>, con un intervalo de 21 d\u00edas entre cada una de ellas, y se espera que ofrezca datos sobre la transmisi\u00f3n intrafamiliar.<\/p>\n\n\n\n<p>En total ser\u00e1n&nbsp;<strong>90.000 las personas<\/strong>, una media de 2,5 por hogar, las que participar\u00e1n en este an\u00e1lisis, repartidas de manera proporcional por todo el territorio nacional y recogiendo de igual manera todas las franjas de edades.<\/p>\n\n\n\n<p>Fuente: RT. <\/p>\n","protected":false},"excerpt":{"rendered":"<p>Durante la \u00faltima jornada Espa\u00f1a ha registrado 331 fallecidos por coronavirus, situando el total desde que comenz\u00f3 la pandemia en&nbsp;23.521 decesos. Aunque se trata de una cifra que consolida claramente la tendencia a la baja de las \u00faltimas semanas, supone un ligero repunte con respecto al dato de este domingo, cuando solo se contabilizaron 288 [&hellip;]<\/p>\n","protected":false},"author":44079,"featured_media":69981,"comment_status":"open","ping_status":"open","sticky":false,"template":"","format":"standard","meta":{"footnotes":""},"categories":[85,45],"tags":[],"class_list":["post-69980","post","type-post","status-publish","format-standard","has-post-thumbnail","hentry","category-espana","category-salud"],"_links":{"self":[{"href":"https:\/\/2horizontes.com\/index.php?rest_route=\/wp\/v2\/posts\/69980","targetHints":{"allow":["GET"]}}],"collection":[{"href":"https:\/\/2horizontes.com\/index.php?rest_route=\/wp\/v2\/posts"}],"about":[{"href":"https:\/\/2horizontes.com\/index.php?rest_route=\/wp\/v2\/types\/post"}],"author":[{"embeddable":true,"href":"https:\/\/2horizontes.com\/index.php?rest_route=\/wp\/v2\/users\/44079"}],"replies":[{"embeddable":true,"href":"https:\/\/2horizontes.com\/index.php?rest_route=%2Fwp%2Fv2%2Fcomments&post=69980"}],"version-history":[{"count":2,"href":"https:\/\/2horizontes.com\/index.php?rest_route=\/wp\/v2\/posts\/69980\/revisions"}],"predecessor-version":[{"id":69983,"href":"https:\/\/2horizontes.com\/index.php?rest_route=\/wp\/v2\/posts\/69980\/revisions\/69983"}],"wp:featuredmedia":[{"embeddable":true,"href":"https:\/\/2horizontes.com\/index.php?rest_route=\/wp\/v2\/media\/69981"}],"wp:attachment":[{"href":"https:\/\/2horizontes.com\/index.php?rest_route=%2Fwp%2Fv2%2Fmedia&parent=69980"}],"wp:term":[{"taxonomy":"category","embeddable":true,"href":"https:\/\/2horizontes.com\/index.php?rest_route=%2Fwp%2Fv2%2Fcategories&post=69980"},{"taxonomy":"post_tag","embeddable":true,"href":"https:\/\/2horizontes.com\/index.php?rest_route=%2Fwp%2Fv2%2Ftags&post=69980"}],"curies":[{"name":"wp","href":"https:\/\/api.w.org\/{rel}","templated":true}]}}