{"id":6998,"date":"2015-05-14T19:03:59","date_gmt":"2015-05-14T18:03:59","guid":{"rendered":"http:\/\/2horizontes.com\/?p=6998"},"modified":"2015-05-14T19:03:59","modified_gmt":"2015-05-14T18:03:59","slug":"dncd-ocupa-30-paquetes-de-droga-y-detiene-a-dos-personas","status":"publish","type":"post","link":"https:\/\/2horizontes.com\/?p=6998","title":{"rendered":"DNCD ocupa 30 paquetes de droga y detiene  a dos personas"},"content":{"rendered":"<p>Republica Dominicana-Santo Domingo-La Direcci\u00f3n Nacional de Control de Drogas (DNCD) ocup\u00f3 en las \u00faltimas horas 30 paquetes presumiblemente coca\u00edna o hero\u00edna a una red de narcotraficantes colombianos y dominicanos, al tiempo que desmantel\u00f3 una estructura internacional de narcotr\u00e1fico que reclutaba personas para transportar droga l\u00edquida a Europa.<\/p>\n<p>El vocero de la entidad, Dar\u00edo Medrano, dijo que en el decomiso de drogas fueron detenidos un colombiano y dos dominicanos en dos operativos realizados en el Ensanche Para\u00edso, del Distrito Nacional.<\/p>\n<p>Los 30 paquetes de droga se encontraban en una caleta o compartimiento secreto de una furgoneta Ford Econoline, color blanco, ocupada a los detenidos. Inform\u00f3 que tambi\u00e9n se les incaut\u00f3 un carro, dos pistolas, 17,630 pesos y 1,000 d\u00f3lares en efectivo.<\/p>\n<p>Mientras que en el caso de la red, precis\u00f3 que los integrantes son sudamericanos, europeos y dominicanos y que de estos al menos 10 de la organizaci\u00f3n han sido apresados.<\/p>\n<p>El cabecilla, de origen dominicano y de 45 a\u00f1os, fue detenido el pasado lunes junto a un colombiano.<\/p>\n<p>El dominicano viv\u00eda en un sector residencial de Villa Mella, zona donde operaba varios locales comerciales como salones de belleza y centros de bebidas alcoh\u00f3licas.<\/p>\n<p>El desmantelamiento es el resultado de una investigaci\u00f3n en conjunto realizada durante un a\u00f1o por la Divisi\u00f3n de Asuntos Internacionales de la DNCD y la Agencia de Lucha contra el Crimen Organizado de Inglaterra.<\/p>\n","protected":false},"excerpt":{"rendered":"<p>Republica Dominicana-Santo Domingo-La Direcci\u00f3n Nacional de Control de Drogas (DNCD) ocup\u00f3 en las \u00faltimas horas 30 paquetes presumiblemente coca\u00edna o hero\u00edna a una red de narcotraficantes colombianos y dominicanos, al tiempo que desmantel\u00f3 una estructura internacional de narcotr\u00e1fico que reclutaba personas para transportar droga l\u00edquida a Europa. El vocero de la entidad, Dar\u00edo Medrano, dijo [&hellip;]<\/p>\n","protected":false},"author":8,"featured_media":6999,"comment_status":"open","ping_status":"open","sticky":false,"template":"","format":"standard","meta":{"footnotes":""},"categories":[44],"tags":[],"class_list":["post-6998","post","type-post","status-publish","format-standard","has-post-thumbnail","hentry","category-republica-dominicana"],"_links":{"self":[{"href":"https:\/\/2horizontes.com\/index.php?rest_route=\/wp\/v2\/posts\/6998","targetHints":{"allow":["GET"]}}],"collection":[{"href":"https:\/\/2horizontes.com\/index.php?rest_route=\/wp\/v2\/posts"}],"about":[{"href":"https:\/\/2horizontes.com\/index.php?rest_route=\/wp\/v2\/types\/post"}],"author":[{"embeddable":true,"href":"https:\/\/2horizontes.com\/index.php?rest_route=\/wp\/v2\/users\/8"}],"replies":[{"embeddable":true,"href":"https:\/\/2horizontes.com\/index.php?rest_route=%2Fwp%2Fv2%2Fcomments&post=6998"}],"version-history":[{"count":1,"href":"https:\/\/2horizontes.com\/index.php?rest_route=\/wp\/v2\/posts\/6998\/revisions"}],"predecessor-version":[{"id":7000,"href":"https:\/\/2horizontes.com\/index.php?rest_route=\/wp\/v2\/posts\/6998\/revisions\/7000"}],"wp:featuredmedia":[{"embeddable":true,"href":"https:\/\/2horizontes.com\/index.php?rest_route=\/wp\/v2\/media\/6999"}],"wp:attachment":[{"href":"https:\/\/2horizontes.com\/index.php?rest_route=%2Fwp%2Fv2%2Fmedia&parent=6998"}],"wp:term":[{"taxonomy":"category","embeddable":true,"href":"https:\/\/2horizontes.com\/index.php?rest_route=%2Fwp%2Fv2%2Fcategories&post=6998"},{"taxonomy":"post_tag","embeddable":true,"href":"https:\/\/2horizontes.com\/index.php?rest_route=%2Fwp%2Fv2%2Ftags&post=6998"}],"curies":[{"name":"wp","href":"https:\/\/api.w.org\/{rel}","templated":true}]}}