{"id":69949,"date":"2020-04-24T15:44:53","date_gmt":"2020-04-24T14:44:53","guid":{"rendered":"http:\/\/2horizontes.com\/?p=69949"},"modified":"2020-04-24T15:46:57","modified_gmt":"2020-04-24T14:46:57","slug":"aumentan-a-267-los-fallecidos-por-covid-19-2-defunciones-mas-en-las-ultimas-24-horas","status":"publish","type":"post","link":"https:\/\/2horizontes.com\/?p=69949","title":{"rendered":"Rep\u00fablica Dominicana: Aumentan a 267 los fallecidos por COVID-19"},"content":{"rendered":"\n<p>La cifra de los fallecidos por COVID-19 en el pa\u00eds es de 267, con dos nuevas defunciones, seg\u00fan el bolet\u00edn n\u00famero 36 ofrecido este viernes por el Ministerio de Salud P\u00fablica.<\/p>\n\n\n\n<p>El ministro de Salud P\u00fablica, Rafael S\u00e1nchez C\u00e1rdenas, indic\u00f3 que con esta cifra la tasa de mortalidad se redujo a 4.74 por ciento.<\/p>\n\n\n\n<p>Mientras que la cantidad de contagiados tambi\u00e9n aument\u00f3 a 5,749 personas, con 206 nuevos casos.<\/p>\n\n\n\n<p>Este jueves los casos positivos del coronavirus en el pa\u00eds eran 5,543, mientras que los fallecidos 265.<\/p>\n\n\n\n<p>Fuente: List\u00edn Diario.  <\/p>\n","protected":false},"excerpt":{"rendered":"<p>La cifra de los fallecidos por COVID-19 en el pa\u00eds es de 267, con dos nuevas defunciones, seg\u00fan el bolet\u00edn n\u00famero 36 ofrecido este viernes por el Ministerio de Salud P\u00fablica. El ministro de Salud P\u00fablica, Rafael S\u00e1nchez C\u00e1rdenas, indic\u00f3 que con esta cifra la tasa de mortalidad se redujo a 4.74 por ciento. Mientras [&hellip;]<\/p>\n","protected":false},"author":44079,"featured_media":69762,"comment_status":"open","ping_status":"open","sticky":false,"template":"","format":"standard","meta":{"footnotes":""},"categories":[44,45],"tags":[],"class_list":["post-69949","post","type-post","status-publish","format-standard","has-post-thumbnail","hentry","category-republica-dominicana","category-salud"],"_links":{"self":[{"href":"https:\/\/2horizontes.com\/index.php?rest_route=\/wp\/v2\/posts\/69949","targetHints":{"allow":["GET"]}}],"collection":[{"href":"https:\/\/2horizontes.com\/index.php?rest_route=\/wp\/v2\/posts"}],"about":[{"href":"https:\/\/2horizontes.com\/index.php?rest_route=\/wp\/v2\/types\/post"}],"author":[{"embeddable":true,"href":"https:\/\/2horizontes.com\/index.php?rest_route=\/wp\/v2\/users\/44079"}],"replies":[{"embeddable":true,"href":"https:\/\/2horizontes.com\/index.php?rest_route=%2Fwp%2Fv2%2Fcomments&post=69949"}],"version-history":[{"count":2,"href":"https:\/\/2horizontes.com\/index.php?rest_route=\/wp\/v2\/posts\/69949\/revisions"}],"predecessor-version":[{"id":69952,"href":"https:\/\/2horizontes.com\/index.php?rest_route=\/wp\/v2\/posts\/69949\/revisions\/69952"}],"wp:featuredmedia":[{"embeddable":true,"href":"https:\/\/2horizontes.com\/index.php?rest_route=\/wp\/v2\/media\/69762"}],"wp:attachment":[{"href":"https:\/\/2horizontes.com\/index.php?rest_route=%2Fwp%2Fv2%2Fmedia&parent=69949"}],"wp:term":[{"taxonomy":"category","embeddable":true,"href":"https:\/\/2horizontes.com\/index.php?rest_route=%2Fwp%2Fv2%2Fcategories&post=69949"},{"taxonomy":"post_tag","embeddable":true,"href":"https:\/\/2horizontes.com\/index.php?rest_route=%2Fwp%2Fv2%2Ftags&post=69949"}],"curies":[{"name":"wp","href":"https:\/\/api.w.org\/{rel}","templated":true}]}}