{"id":69936,"date":"2020-04-24T15:11:36","date_gmt":"2020-04-24T14:11:36","guid":{"rendered":"http:\/\/2horizontes.com\/?p=69936"},"modified":"2020-04-24T15:18:50","modified_gmt":"2020-04-24T14:18:50","slug":"espana-registra-367-muertes-por-coronavirus-y-por-primera-vez-la-cifra-de-curados-en-24-horas-supera-la-de-nuevos-contagiados","status":"publish","type":"post","link":"https:\/\/2horizontes.com\/?p=69936","title":{"rendered":"Espa\u00f1a registra 367 muertes por coronavirus y por primera vez la cifra de curados en 24 horas supera la de nuevos contagiados"},"content":{"rendered":"\n<p>Este 24 de abril Espa\u00f1a ha registrado 367 nuevas muertes por coronavirus en las \u00faltimas 24 horas, con lo que el total de fallecimientos desde que comenz\u00f3 la pandemia asciende a 22.524 en todo el pa\u00eds, seg\u00fan los \u00faltimos datos comunicados por las autoridades sanitarias. Con la excepci\u00f3n del pasado 18 de abril, es el dato m\u00e1s bajo desde el 21 de marzo, cuando el pa\u00eds asist\u00eda a un aumento exponencial de los casos detectados y los fallecimientos.<\/p>\n\n\n\n<p>Adem\u00e1s, en esta jornada se han confirmado&nbsp;<strong>2.796 nuevos contagios<\/strong>, lo que significa un incremento diario del&nbsp;<strong>1,4 %<\/strong>, que eleva el n\u00famero total a 219.764, mientras que&nbsp;<strong>3.105 personas han logrado superar la enfermedad<\/strong>&nbsp;durante el \u00faltimo d\u00eda, por lo que la cifra de recuperados alcanza ya los 92.355 pacientes. As\u00ed, se trata de la primera vez que el n\u00famero de pacientes curados supera al de nuevos contagios en el c\u00f3mputo diario.<\/p>\n\n\n\n<p>A este respecto, en rueda de prensa, el ministro de Sanidad, Salvador Illa,&nbsp;<a rel=\"noreferrer noopener\" href=\"https:\/\/actualidad.rt.com\/actualidad\/351057-ministro-sanidad-espana-curados-contagiados-curva\" target=\"_blank\">ha destacado<\/a>&nbsp;los resultados obtenidos tras casi seis semanas de confinamiento de la poblaci\u00f3n:&nbsp;\u00abPor primera vez las personas curadas superan los contagiados. Esta vez s\u00ed que estamos doblegando la curva\u00bb, afirm\u00f3.&nbsp;<\/p>\n\n\n\n<p>No obstante, Illa advirti\u00f3 que \u00ab<strong>hay&nbsp;que seguir actuando con la m\u00e1xima prudencia<\/strong>\u00bb y&nbsp;record\u00f3 que, a nivel nacional, la ciudadan\u00eda&nbsp;<strong>seguir\u00e1 \u00aben confinamiento&nbsp;durante 15 d\u00edas m\u00e1s\u00bb<\/strong>.&nbsp;<\/p>\n\n\n\n<h3 class=\"wp-block-heading\">La gripe enmascar\u00f3 la llegada del coronavirus a Espa\u00f1a<\/h3>\n\n\n\n<p>Un&nbsp;<a href=\"https:\/\/www.medrxiv.org\/content\/10.1101\/2020.04.09.20056259v1.full.pdf\" target=\"_blank\" rel=\"noreferrer noopener\">estudio<\/a>&nbsp;de la Universidad de Oxford apunta a que el pico de la gripe que tuvo lugar en febrero enmascar\u00f3 la llegada del coronavirus a Espa\u00f1a. As\u00ed, seg\u00fan el documento publicado por el Botnar Research Centre de la Universidad brit\u00e1nica, los hospitales catalanes atendieron entre el 4 de febrero y el 20 de marzo un&nbsp;<strong>aumento de casos de gripe de hasta el 20 %<\/strong>, comparado con la campa\u00f1a anterior.<\/p>\n\n\n\n<p>Los centros sanitarios catalanes atendieron hasta&nbsp;<strong>8.000 casos de gripe m\u00e1s de lo esperado<\/strong>, lo que los investigadores interpretan como que podr\u00eda haberse tratado de un diagn\u00f3stico err\u00f3neo que en realidad esconder\u00eda un n\u00famero de casos de covid-19 a\u00fan por determinar, y que significar\u00eda que el coronavirus estaba circulando en Espa\u00f1a semanas antes de lo que se cre\u00eda.<\/p>\n\n\n\n<p>As\u00ed, la hip\u00f3tesis planteada por el Botnar Research Center es que el nuevo virus lleg\u00f3 al pa\u00eds&nbsp;<strong>un mes antes de la fecha considerada hasta ahora como oficial<\/strong>, el 25 de febrero, pero cuyos casos quedaron&nbsp;<strong>ocultos bajo falsos diagn\u00f3sticos de gripe<\/strong>. Por ese motivo, a partir de mediados de marzo, cuando comienzan a detectarse masivamente los positivos de coronavirus, los casos de gripe caen en picado.<\/p>\n\n\n\n<p>Los resultados de este estudio ser\u00edan compatibles con las conclusiones del estudio realizado por el Instituto de Salud Carlos III de Madrid, que tras analizar los 28 primeros genomas del virus espa\u00f1oles descifrados, se\u00f1alaron que el virus estaba presente en Espa\u00f1a desde febrero y que se habr\u00eda introducido al menos por&nbsp;<strong>15 v\u00edas diferentes<\/strong>.<\/p>\n\n\n\n<h3 class=\"wp-block-heading\">La Uni\u00f3n Europea crear\u00e1 un fondo de recuperaci\u00f3n<\/h3>\n\n\n\n<p>Mientras prosigue la lucha sanitaria, tambi\u00e9n contin\u00faa el estudio de las medidas econ\u00f3micas que se deber\u00e1n implementar. El presidente espa\u00f1ol, Pedro S\u00e1nchez, ha tenido este jueves buenas noticias relativas. Despu\u00e9s de la reuni\u00f3n por videoconferencia del Consejo Europeo Extraordinario celebrada este jueves, la Uni\u00f3n Europea crear\u00e1 un fondo de recuperaci\u00f3n para paliar los efectos econ\u00f3micos derivados de la crisis sanitaria de la pandemia de coronavirus.<\/p>\n\n\n\n<p>A\u00fan quedan muchos flecos por limar, los m\u00e1s importantes relativos a la financiaci\u00f3n, pero la mayor\u00eda de pa\u00edses est\u00e1n de acuerdo en llegar a un&nbsp;<strong>monto cercano a 1,5 billones de euros<\/strong>, que estar\u00e1 anclado en el presupuesto de la UE e incrementado, que era una de las propuestas del mandatario espa\u00f1ol.<\/p>\n\n\n\n<p>\u00abUn fondo de recuperaci\u00f3n que es necesario y urgente. Este fondo tendr\u00e1 una magnitud suficiente y&nbsp;<strong>se dirigir\u00e1 a los sectores y \u00e1reas geogr\u00e1ficas m\u00e1s afectadas<\/strong>&nbsp;y estar\u00e1 dedicado a esta crisis sin precedentes\u00bb, afirm\u00f3 el presidente del&nbsp;ConsejoEuropeo,&nbsp;Charles Michel, tras concluir la reuni\u00f3n.<\/p>\n\n\n\n<p>Una de las discrepancias m\u00e1s importantes que se mantienen es si las ayudas tendr\u00e1n la forma de<strong>&nbsp;cr\u00e9ditos o de transferencias<\/strong>, lo que dilucidar\u00e1 el resultado del choque entre el norte y el sur. El primero, partidario de la devoluci\u00f3n de los pr\u00e9stamos, encabezado por Alemania y con Pa\u00edses Bajos visibilizando la posici\u00f3n m\u00e1s extrema, y el segundo, que agrupa a las econom\u00edas meridionales m\u00e1s potentes, que incluyen a Espa\u00f1a e Italia, sobre todo, pero tambi\u00e9n a Portugal y a Francia, que aboga por una pol\u00edtica solidaria europea.<\/p>\n\n\n\n<p>Fuente: RT. <\/p>\n","protected":false},"excerpt":{"rendered":"<p>Este 24 de abril Espa\u00f1a ha registrado 367 nuevas muertes por coronavirus en las \u00faltimas 24 horas, con lo que el total de fallecimientos desde que comenz\u00f3 la pandemia asciende a 22.524 en todo el pa\u00eds, seg\u00fan los \u00faltimos datos comunicados por las autoridades sanitarias. Con la excepci\u00f3n del pasado 18 de abril, es el [&hellip;]<\/p>\n","protected":false},"author":44079,"featured_media":69677,"comment_status":"open","ping_status":"open","sticky":false,"template":"","format":"standard","meta":{"footnotes":""},"categories":[85,40,45],"tags":[],"class_list":["post-69936","post","type-post","status-publish","format-standard","has-post-thumbnail","hentry","category-espana","category-internacionales","category-salud"],"_links":{"self":[{"href":"https:\/\/2horizontes.com\/index.php?rest_route=\/wp\/v2\/posts\/69936","targetHints":{"allow":["GET"]}}],"collection":[{"href":"https:\/\/2horizontes.com\/index.php?rest_route=\/wp\/v2\/posts"}],"about":[{"href":"https:\/\/2horizontes.com\/index.php?rest_route=\/wp\/v2\/types\/post"}],"author":[{"embeddable":true,"href":"https:\/\/2horizontes.com\/index.php?rest_route=\/wp\/v2\/users\/44079"}],"replies":[{"embeddable":true,"href":"https:\/\/2horizontes.com\/index.php?rest_route=%2Fwp%2Fv2%2Fcomments&post=69936"}],"version-history":[{"count":2,"href":"https:\/\/2horizontes.com\/index.php?rest_route=\/wp\/v2\/posts\/69936\/revisions"}],"predecessor-version":[{"id":69942,"href":"https:\/\/2horizontes.com\/index.php?rest_route=\/wp\/v2\/posts\/69936\/revisions\/69942"}],"wp:featuredmedia":[{"embeddable":true,"href":"https:\/\/2horizontes.com\/index.php?rest_route=\/wp\/v2\/media\/69677"}],"wp:attachment":[{"href":"https:\/\/2horizontes.com\/index.php?rest_route=%2Fwp%2Fv2%2Fmedia&parent=69936"}],"wp:term":[{"taxonomy":"category","embeddable":true,"href":"https:\/\/2horizontes.com\/index.php?rest_route=%2Fwp%2Fv2%2Fcategories&post=69936"},{"taxonomy":"post_tag","embeddable":true,"href":"https:\/\/2horizontes.com\/index.php?rest_route=%2Fwp%2Fv2%2Ftags&post=69936"}],"curies":[{"name":"wp","href":"https:\/\/api.w.org\/{rel}","templated":true}]}}