{"id":69918,"date":"2020-04-22T17:50:39","date_gmt":"2020-04-22T16:50:39","guid":{"rendered":"http:\/\/2horizontes.com\/?p=69918"},"modified":"2020-04-22T17:50:41","modified_gmt":"2020-04-22T16:50:41","slug":"republica-dominicana-muertes-por-coronavirus-en-el-pais-aumentan-a-260","status":"publish","type":"post","link":"https:\/\/2horizontes.com\/?p=69918","title":{"rendered":"Rep\u00fablica Dominicana: Muertes por coronavirus en el pa\u00eds aumentan a 260"},"content":{"rendered":"\n<p>Los muertos por coronavirus (Covid-19) en Rep\u00fablica Dominicana subieron a 260 personas, seg\u00fan el m\u00e1s reciente informe del ministerio de Salud P\u00fablica en Rep\u00fablica Dominicana.<\/p>\n\n\n\n<p>De acuerdo con el bolet\u00edn 33 del ministerio de Salud P\u00fablica, la cifra de fallecidos registr\u00f3 un aumento de 15 nuevas defunciones en relaci\u00f3n al informe del martes.<\/p>\n\n\n\n<p>El total de los casos positivos se elev\u00f3 a 5,300, registrando un aumento de 256 casos nuevos.<\/p>\n\n\n\n<p>Seg\u00fan el bolet\u00edn, los municipios con m\u00e1s defunciones son San Francisco de Macor\u00eds con un 26%, Santiago y el Distrito Nacional con un 13%, Santo Domingo Este con un 6%, Santo Domingo Norte y Oeste con un 4% y Salcedo, Puerto Plata, San Pedro de Macor\u00eds y La Vega con un 3%. \u00a0\u00a0\u00a0<\/p>\n\n\n\n<p>Fuente: List\u00edn Diario. <\/p>\n","protected":false},"excerpt":{"rendered":"<p>Los muertos por coronavirus (Covid-19) en Rep\u00fablica Dominicana subieron a 260 personas, seg\u00fan el m\u00e1s reciente informe del ministerio de Salud P\u00fablica en Rep\u00fablica Dominicana. De acuerdo con el bolet\u00edn 33 del ministerio de Salud P\u00fablica, la cifra de fallecidos registr\u00f3 un aumento de 15 nuevas defunciones en relaci\u00f3n al informe del martes. El total [&hellip;]<\/p>\n","protected":false},"author":44079,"featured_media":69631,"comment_status":"open","ping_status":"open","sticky":false,"template":"","format":"standard","meta":{"footnotes":""},"categories":[44,45],"tags":[],"class_list":["post-69918","post","type-post","status-publish","format-standard","has-post-thumbnail","hentry","category-republica-dominicana","category-salud"],"_links":{"self":[{"href":"https:\/\/2horizontes.com\/index.php?rest_route=\/wp\/v2\/posts\/69918","targetHints":{"allow":["GET"]}}],"collection":[{"href":"https:\/\/2horizontes.com\/index.php?rest_route=\/wp\/v2\/posts"}],"about":[{"href":"https:\/\/2horizontes.com\/index.php?rest_route=\/wp\/v2\/types\/post"}],"author":[{"embeddable":true,"href":"https:\/\/2horizontes.com\/index.php?rest_route=\/wp\/v2\/users\/44079"}],"replies":[{"embeddable":true,"href":"https:\/\/2horizontes.com\/index.php?rest_route=%2Fwp%2Fv2%2Fcomments&post=69918"}],"version-history":[{"count":1,"href":"https:\/\/2horizontes.com\/index.php?rest_route=\/wp\/v2\/posts\/69918\/revisions"}],"predecessor-version":[{"id":69919,"href":"https:\/\/2horizontes.com\/index.php?rest_route=\/wp\/v2\/posts\/69918\/revisions\/69919"}],"wp:featuredmedia":[{"embeddable":true,"href":"https:\/\/2horizontes.com\/index.php?rest_route=\/wp\/v2\/media\/69631"}],"wp:attachment":[{"href":"https:\/\/2horizontes.com\/index.php?rest_route=%2Fwp%2Fv2%2Fmedia&parent=69918"}],"wp:term":[{"taxonomy":"category","embeddable":true,"href":"https:\/\/2horizontes.com\/index.php?rest_route=%2Fwp%2Fv2%2Fcategories&post=69918"},{"taxonomy":"post_tag","embeddable":true,"href":"https:\/\/2horizontes.com\/index.php?rest_route=%2Fwp%2Fv2%2Ftags&post=69918"}],"curies":[{"name":"wp","href":"https:\/\/api.w.org\/{rel}","templated":true}]}}