{"id":69895,"date":"2020-04-21T10:20:26","date_gmt":"2020-04-21T09:20:26","guid":{"rendered":"http:\/\/2horizontes.com\/?p=69895"},"modified":"2020-04-21T10:20:29","modified_gmt":"2020-04-21T09:20:29","slug":"espana-registra-un-ligero-repunte-de-los-fallecidos-diarios-por-coronavirus-hasta-los-430","status":"publish","type":"post","link":"https:\/\/2horizontes.com\/?p=69895","title":{"rendered":"Espa\u00f1a registra un ligero repunte de los fallecidos diarios por coronavirus hasta los 430"},"content":{"rendered":"\n<p>La cifra de fallecidos diarios en Espa\u00f1a sube hasta 430. Se trata de un ligero repunte, despu\u00e9s de que este lunes se hubieran notificado 399 decesos. En total, seg\u00fan el \u00faltimo recuento facilitado por el Ministerio de Sanidad, 21.282 personas han muerto desde el inicio de la pandemia, mientras que los contagios ascienden a 204.178. El punto positivo llega, como siempre, de la cifra de pacientes curados: 82.514.<\/p>\n\n\n\n<p>Con estas cifras sobre la mesa, el Gobierno se re\u00fane este martes en Consejo de Ministros, en el que se prev\u00e9 que se aprueben algunas medidas de flexibilizaci\u00f3n del confinamiento, como la salida controlada de los menores durante un periodo de tiempo limitado al d\u00eda a partir del pr\u00f3ximo lunes, 27 de abril.<\/p>\n\n\n\n<h3 class=\"wp-block-heading\">Reparto de mascarillas<\/h3>\n\n\n\n<p>Despu\u00e9s de semanas de falta de material por su imposibilidad de adquirir los productos en los saturados mercados internacionales, en las \u00faltimas jornadas han estado llegando aviones con material de protecci\u00f3n contra el contagio de coronavirus&nbsp; y otros \u00edtems.<\/p>\n\n\n\n<p>La llegada de mascarillas higi\u00e9nicas ha sido masiva y algunas Comunidades Aut\u00f3nomas ya han comenzado su distribuci\u00f3n a la poblaci\u00f3n general. As\u00ed, en la&nbsp;<strong>Comunidad Valenciana<\/strong>&nbsp;comenzaron este lunes a entregar en las farmacias tres mascarillas por cada tarjeta sanitaria, lo que provoc\u00f3 una afluencia masiva y la ca\u00edda del sistema inform\u00e1tico de soporte de los establecimientos farmac\u00e9uticos.<\/p>\n\n\n\n<p>Este martes ha sido\u00a0<strong>Catalu\u00f1a<\/strong>\u00a0la que ha comenzado el reparto, dando de manera gratuita una unidad por cada tarjeta.<\/p>\n\n\n\n<p>Esta distribuci\u00f3n llega despu\u00e9s de que el Gobierno aprobara el pasado fin de semana la&nbsp;<strong>fijaci\u00f3n de precios m\u00e1ximos de venta<\/strong>&nbsp;al p\u00fablico de los productos de protecci\u00f3n, como guantes, geles o las propias mascarillas, para evitar los abusos que se estaban cometiendo despu\u00e9s de observar que algunos de estos productos hab\u00edan visto multiplicado su precio con respecto a las jornadas previas al estallido de la crisis sanitaria.<\/p>\n\n\n\n<h3 class=\"wp-block-heading\">Crisis en Interior<\/h3>\n\n\n\n<p>Mientras el Gobierno estudia cu\u00e1ndo y c\u00f3mo se podr\u00e1 producir la desescalada en las medidas de confinamiento decretadas el pasado 14 de marzo para luchar contra la propagaci\u00f3n de la pandemia de coronavirus, el Ministerio del Interior lucha contra la crisis m\u00e1s grave que vive desde que se inici\u00f3 la presente legislatura a comienzos de a\u00f1o.<\/p>\n\n\n\n<p>Las declaraciones del general de la Guardia Civil, Jos\u00e9 Manuel Santiago, en las que se\u00f1al\u00f3 que una de las l\u00edneas en las que su cuerpo estaba luchando contra la propagaci\u00f3n de bulos en Internet ten\u00eda la intenci\u00f3n de&nbsp;<strong>\u00abminimizar el clima contrario a la gesti\u00f3n de la crisis por parte del Gobierno\u00bb<\/strong>, se han visto agravadas despu\u00e9s de que en la noche de este lunes se haya conocido la existencia de un e-mail con fecha 15 de abril y firmado por Santiago en el que se ped\u00eda&nbsp;a las comandancias de la Guardia Civil en toda Espa\u00f1a&nbsp;datos sobre \u00abcampa\u00f1as de desinformaci\u00f3n (en relaci\u00f3n a la crisis del coronavirus), as\u00ed como publicaciones desmintiendo bulos y fake news susceptibles de generaci\u00f3n de estr\u00e9s social y desafecci\u00f3n a instituciones del Gobierno\u00bb.<\/p>\n\n\n\n<p>Las cr\u00edticas de la oposici\u00f3n por atentar contra la libertad de expresi\u00f3n y denunciando persecuci\u00f3n pol\u00edtica no se hicieron esperar tras las palabras del general de este domingo. Ahora est\u00e1 por ver si la exigencia de responsabilidades alcanza al titular de Interior, Fernando Grande-Marlaska.<\/p>\n\n\n\n<p>Fuente : RT.<\/p>\n","protected":false},"excerpt":{"rendered":"<p>La cifra de fallecidos diarios en Espa\u00f1a sube hasta 430. Se trata de un ligero repunte, despu\u00e9s de que este lunes se hubieran notificado 399 decesos. En total, seg\u00fan el \u00faltimo recuento facilitado por el Ministerio de Sanidad, 21.282 personas han muerto desde el inicio de la pandemia, mientras que los contagios ascienden a 204.178. [&hellip;]<\/p>\n","protected":false},"author":44079,"featured_media":69677,"comment_status":"open","ping_status":"open","sticky":false,"template":"","format":"standard","meta":{"footnotes":""},"categories":[85,45],"tags":[],"class_list":["post-69895","post","type-post","status-publish","format-standard","has-post-thumbnail","hentry","category-espana","category-salud"],"_links":{"self":[{"href":"https:\/\/2horizontes.com\/index.php?rest_route=\/wp\/v2\/posts\/69895","targetHints":{"allow":["GET"]}}],"collection":[{"href":"https:\/\/2horizontes.com\/index.php?rest_route=\/wp\/v2\/posts"}],"about":[{"href":"https:\/\/2horizontes.com\/index.php?rest_route=\/wp\/v2\/types\/post"}],"author":[{"embeddable":true,"href":"https:\/\/2horizontes.com\/index.php?rest_route=\/wp\/v2\/users\/44079"}],"replies":[{"embeddable":true,"href":"https:\/\/2horizontes.com\/index.php?rest_route=%2Fwp%2Fv2%2Fcomments&post=69895"}],"version-history":[{"count":1,"href":"https:\/\/2horizontes.com\/index.php?rest_route=\/wp\/v2\/posts\/69895\/revisions"}],"predecessor-version":[{"id":69896,"href":"https:\/\/2horizontes.com\/index.php?rest_route=\/wp\/v2\/posts\/69895\/revisions\/69896"}],"wp:featuredmedia":[{"embeddable":true,"href":"https:\/\/2horizontes.com\/index.php?rest_route=\/wp\/v2\/media\/69677"}],"wp:attachment":[{"href":"https:\/\/2horizontes.com\/index.php?rest_route=%2Fwp%2Fv2%2Fmedia&parent=69895"}],"wp:term":[{"taxonomy":"category","embeddable":true,"href":"https:\/\/2horizontes.com\/index.php?rest_route=%2Fwp%2Fv2%2Fcategories&post=69895"},{"taxonomy":"post_tag","embeddable":true,"href":"https:\/\/2horizontes.com\/index.php?rest_route=%2Fwp%2Fv2%2Ftags&post=69895"}],"curies":[{"name":"wp","href":"https:\/\/api.w.org\/{rel}","templated":true}]}}