{"id":69893,"date":"2020-04-21T10:17:55","date_gmt":"2020-04-21T09:17:55","guid":{"rendered":"http:\/\/2horizontes.com\/?p=69893"},"modified":"2020-04-21T10:17:57","modified_gmt":"2020-04-21T09:17:57","slug":"trump-afirma-que-a-causa-del-coronavirus-suspendera-temporalmente-la-inmigracion-a-ee-uu","status":"publish","type":"post","link":"https:\/\/2horizontes.com\/?p=69893","title":{"rendered":"Trump afirma que a causa del coronavirus suspender\u00e1 temporalmente la inmigraci\u00f3n a EE.UU."},"content":{"rendered":"\n<p>\n\nSeg\u00fan el mandatario, la medida proteger\u00e1 a los trabajadores estadounidenses.<\/p>\n\n\n\n<figure class=\"wp-block-image\"><img decoding=\"async\" src=\"https:\/\/cdni.rt.com\/actualidad\/public_images\/2020.04\/thumbnail\/5e9e5aaee9ff7174126ded2a.JPG\" alt=\"Trump afirma que a causa del coronavirus suspender\u00e1 temporalmente la inmigraci\u00f3n a EE.UU.\"\/><figcaption>Aeropuerto Internacional John F. Kennedy, en Nueva York, EE.UU., el 9 de marzo de 2020.Eduardo Munoz&nbsp;\/ Reuters<\/figcaption><\/figure>\n\n\n\n<p>El presidente estadounidense, Donald Trump, anunci\u00f3 este lunes que suspender\u00e1 el flujo de inmigrantes al pa\u00eds debido a la pandemia del coronavirus.<\/p>\n\n\n\n<p>\u00abA la luz del ataque del enemigo invisible, as\u00ed como la necesidad de proteger los trabajos de nuestros grandes ciudadanos estadounidenses, \u00a1firmar\u00e9 una orden ejecutiva para suspender temporalmente la inmigraci\u00f3n a EE.UU.!\u00bb,&nbsp;<a href=\"https:\/\/twitter.com\/realDonaldTrump\/status\/1252418369170501639\" target=\"_blank\" rel=\"noreferrer noopener\">tuite\u00f3<\/a>&nbsp;el mandatario.<\/p>\n\n\n\n<p>Previamente, Trump ya hab\u00eda restringido la entrada de inmigrantes por el covid-19. As\u00ed, el 31 de enero firm\u00f3 una&nbsp;<a href=\"https:\/\/www.whitehouse.gov\/presidential-actions\/proclamation-suspension-entry-immigrants-nonimmigrants-persons-pose-risk-transmitting-2019-novel-coronavirus\/\" target=\"_blank\" rel=\"noreferrer noopener\">orden<\/a>&nbsp;que prohibi\u00f3 temporalmente la llegada de cualquier extranjero que hubiera estado en la China continental en las dos semanas anteriores.M\u00e1s tarde, la misma medida&nbsp;<a href=\"https:\/\/actualidad.rt.com\/actualidad\/344538-eeuu-prohibir-entrada-extranjeros-iran-14-dias\" target=\"_blank\" rel=\"noreferrer noopener\">fue<\/a>&nbsp;aplicada a Ir\u00e1n.<\/p>\n\n\n\n<p>En marzo, Washington&nbsp;<a href=\"https:\/\/actualidad.rt.com\/actualidad\/345766-trump-suspender-viajes-europa-eeuu-coronavirus\" target=\"_blank\" rel=\"noreferrer noopener\">cancel\u00f3<\/a>&nbsp;el transporte de pasajeros con varios pa\u00edses del mundo, entre ellos los de la Uni\u00f3n Europea, y&nbsp;<a href=\"https:\/\/actualidad.rt.com\/actualidad\/346925-mexico-eeuu-acuerdan-cierre-parcial-frontera\" target=\"_blank\" rel=\"noreferrer noopener\">restringi\u00f3<\/a>&nbsp;\u00ablos viajes no esenciales\u00bb con M\u00e9xico y Canad\u00e1, aunque la actividad comercial con sus dos vecinos norteamericanos se mantuvo.<\/p>\n\n\n\n<p><a href=\"https:\/\/coronavirus.jhu.edu\/map.html\" target=\"_blank\" rel=\"noreferrer noopener\">Seg\u00fan<\/a>&nbsp;los datos de la Universidad Johns Hopkins, EE.UU. es el pa\u00eds m\u00e1s afectado por la pandemia. Actualmente, la naci\u00f3n norteamericana ha registrado 786.638 casos de la enfermedad (casi un 32% del total mundial), de los que 72.687 han acabado con la recuperaci\u00f3n y 42.295, con la muerte del paciente.<\/p>\n\n\n\n<p> Fuente: RT.   <\/p>\n","protected":false},"excerpt":{"rendered":"<p>Seg\u00fan el mandatario, la medida proteger\u00e1 a los trabajadores estadounidenses. El presidente estadounidense, Donald Trump, anunci\u00f3 este lunes que suspender\u00e1 el flujo de inmigrantes al pa\u00eds debido a la pandemia del coronavirus. \u00abA la luz del ataque del enemigo invisible, as\u00ed como la necesidad de proteger los trabajos de nuestros grandes ciudadanos estadounidenses, \u00a1firmar\u00e9 una [&hellip;]<\/p>\n","protected":false},"author":44079,"featured_media":67266,"comment_status":"open","ping_status":"open","sticky":false,"template":"","format":"standard","meta":{"footnotes":""},"categories":[63,54,40],"tags":[],"class_list":["post-69893","post","type-post","status-publish","format-standard","has-post-thumbnail","hentry","category-economia","category-emigrantes","category-internacionales"],"_links":{"self":[{"href":"https:\/\/2horizontes.com\/index.php?rest_route=\/wp\/v2\/posts\/69893","targetHints":{"allow":["GET"]}}],"collection":[{"href":"https:\/\/2horizontes.com\/index.php?rest_route=\/wp\/v2\/posts"}],"about":[{"href":"https:\/\/2horizontes.com\/index.php?rest_route=\/wp\/v2\/types\/post"}],"author":[{"embeddable":true,"href":"https:\/\/2horizontes.com\/index.php?rest_route=\/wp\/v2\/users\/44079"}],"replies":[{"embeddable":true,"href":"https:\/\/2horizontes.com\/index.php?rest_route=%2Fwp%2Fv2%2Fcomments&post=69893"}],"version-history":[{"count":1,"href":"https:\/\/2horizontes.com\/index.php?rest_route=\/wp\/v2\/posts\/69893\/revisions"}],"predecessor-version":[{"id":69894,"href":"https:\/\/2horizontes.com\/index.php?rest_route=\/wp\/v2\/posts\/69893\/revisions\/69894"}],"wp:featuredmedia":[{"embeddable":true,"href":"https:\/\/2horizontes.com\/index.php?rest_route=\/wp\/v2\/media\/67266"}],"wp:attachment":[{"href":"https:\/\/2horizontes.com\/index.php?rest_route=%2Fwp%2Fv2%2Fmedia&parent=69893"}],"wp:term":[{"taxonomy":"category","embeddable":true,"href":"https:\/\/2horizontes.com\/index.php?rest_route=%2Fwp%2Fv2%2Fcategories&post=69893"},{"taxonomy":"post_tag","embeddable":true,"href":"https:\/\/2horizontes.com\/index.php?rest_route=%2Fwp%2Fv2%2Ftags&post=69893"}],"curies":[{"name":"wp","href":"https:\/\/api.w.org\/{rel}","templated":true}]}}