{"id":69884,"date":"2020-04-20T12:04:08","date_gmt":"2020-04-20T11:04:08","guid":{"rendered":"http:\/\/2horizontes.com\/?p=69884"},"modified":"2020-04-20T12:04:13","modified_gmt":"2020-04-20T11:04:13","slug":"el-tiroteo-mas-sangriento-en-la-historia-de-canada-un-hombre-armado-y-vestido-de-policia-mata-a-16-personas","status":"publish","type":"post","link":"https:\/\/2horizontes.com\/?p=69884","title":{"rendered":"El tiroteo m\u00e1s sangriento en la historia de Canad\u00e1: un hombre armado y vestido de polic\u00eda mata a 16 personas"},"content":{"rendered":"\n<p>Canad\u00e1 ha sufrido este fin de semana el tiroteo m\u00e1s letal de su historia, despu\u00e9s de que un hombre armado ha asesinado a 16 personas, incluido una polic\u00eda, en varias localidades de la provincia oriental de Nueva Escocia,&nbsp;<a href=\"https:\/\/apnews.com\/7c9a33ae52420e0ddbfb5275898a7e79\" target=\"_blank\" rel=\"noreferrer noopener\">inform\u00f3<\/a>&nbsp;AP. El propio&nbsp;<strong>asesino se encuentra entre las v\u00edctimas mortales<\/strong>.<\/p>\n\n\n\n<p>El atacante, que ha sido identificado como Gabriel Wortman, de 51 a\u00f1os, cometi\u00f3 los asesinatos en el transcurso de 12 horas. El primer ataque tuvo lugar la tarde del s\u00e1bado en la peque\u00f1a localidad de Portapique, a unos 130 kil\u00f3metros de Halifax, la capital de la provincia.<\/p>\n\n\n\n<p>Las autoridades encontraron varios cuerpos dentro y fuera de una casa residencial. Se cree que los primeros asesinatos no fueron fortuitos y que luego el tirador comenz\u00f3 a escoger v\u00edctimas al azar.<\/p>\n\n\n\n<figure class=\"wp-block-image\"><a href=\"https:\/\/twitter.com\/RCMPNS\"><img decoding=\"async\" src=\"https:\/\/pbs.twimg.com\/profile_images\/1251981494383501319\/F7VJp6Zv_normal.jpg\" alt=\"\"\/><\/a><\/figure>\n\n\n\n<p><a href=\"https:\/\/twitter.com\/RCMPNS\"><strong>RCMP, Nova Scotia<\/strong><strong>&#x2714;<\/strong>@RCMPNS<\/a><a href=\"https:\/\/twitter.com\/RCMPNS\/status\/1251841546862952453\"><\/a><\/p>\n\n\n\n<p>51-year-old Gabriel Wortman is the suspect in our active shooter investigation in <a href=\"https:\/\/twitter.com\/hashtag\/Portapique?src=hash\">#Portapique<\/a>. There are several victims. He is considered armed &amp; dangerous. If you see him, call 911. DO NOT approach. He\u2019s described as a white man, bald, 6\u20192-6\u20193 with green eyes.<\/p>\n\n\n\n<figure class=\"wp-block-image\"><a href=\"https:\/\/twitter.com\/RCMPNS\/status\/1251841546862952453\/photo\/1\"><img decoding=\"async\" src=\"https:\/\/pbs.twimg.com\/media\/EV9vQNCXgAAoYn-?format=jpg&amp;name=900x900\" alt=\"Ver imagen en Twitter\"\/><\/a><\/figure>\n\n\n\n<p><a href=\"https:\/\/twitter.com\/intent\/like?tweet_id=1251841546862952453\">892<\/a><a href=\"https:\/\/twitter.com\/RCMPNS\/status\/1251841546862952453\">13:54 &#8211; 19 abr. 2020<\/a><a href=\"https:\/\/support.twitter.com\/articles\/20175256\">Informaci\u00f3n y privacidad de Twitter Ads<\/a><a href=\"https:\/\/twitter.com\/RCMPNS\/status\/1251841546862952453\">1.625 personas est\u00e1n hablando de esto<\/a><\/p>\n\n\n\n<p>La Polic\u00eda provincial inform\u00f3 que el sospechoso se desplazaba, supuestamente, en un coche parecido a un auto de la Polic\u00eda Montada de Canad\u00e1 (RCMP) y llevaba el uniforme correspondiente. Horas m\u00e1s tarde detall\u00f3 que conduc\u00eda \u00abuna peque\u00f1a camioneta Chevrolet\u00bb, pero que fue&nbsp;<strong>modificada para parecerse a un coche policial<\/strong>. Al mismo tiempo, desde la Polic\u00eda precisaron que Wortman&nbsp;<strong>no trabajaba en la RCMP<\/strong>.<\/p>\n\n\n\n<p>En un primer momento, las autoridades reportaron que Wortman hab\u00eda sido arrestado en una gasolinera a las afueras de Halifax, pero luego informaron que el hombre hab\u00eda muerto.&nbsp;<\/p>\n\n\n\n<p>Un portavoz del RCMP confirm\u00f3 que&nbsp;<strong>las v\u00edctimas mortales son 17, incluido el tirador<\/strong>. El oficial asesinado fue identificado como la agente Heidi Stevenson, una madre de dos hijos que pertenec\u00eda a esa instituci\u00f3n desde hac\u00eda 23 a\u00f1os. El vocero tambi\u00e9n revel\u00f3 que un segundo oficial result\u00f3 herido.<\/p>\n\n\n\n<p>Tras el suceso, el primer ministro de Canad\u00e1, Justin Trudeau,&nbsp;<a href=\"https:\/\/www.ctvnews.ca\/video?clipId=1942367\" target=\"_blank\" rel=\"noreferrer noopener\">declar\u00f3<\/a>&nbsp;ante los periodistas que \u00absu coraz\u00f3n est\u00e1 con todos los afectados en lo que&nbsp;<strong>es una situaci\u00f3n terrible<\/strong>\u00ab. Por su parte, el primer ministro de Nueva Escocia, Stephen McNeil, calific\u00f3 el tiroteo como \u00abuno de los actos de violencia m\u00e1s insensatos en la historia de nuestra provincia\u00bb.<\/p>\n\n\n\n<p>La masacre m\u00e1s mort\u00edfera en Canad\u00e1 hasta la fecha tuvo lugar en diciembre de 1989, cuando un hombre acab\u00f3 con la vida de 14 mujeres en la Escuela Polit\u00e9cnica de Montr\u00e9al antes de suicidarse.<\/p>\n\n\n\n<p>Fuente: RT.<\/p>\n","protected":false},"excerpt":{"rendered":"<p>Canad\u00e1 ha sufrido este fin de semana el tiroteo m\u00e1s letal de su historia, despu\u00e9s de que un hombre armado ha asesinado a 16 personas, incluido una polic\u00eda, en varias localidades de la provincia oriental de Nueva Escocia,&nbsp;inform\u00f3&nbsp;AP. El propio&nbsp;asesino se encuentra entre las v\u00edctimas mortales. El atacante, que ha sido identificado como Gabriel Wortman, [&hellip;]<\/p>\n","protected":false},"author":44079,"featured_media":69885,"comment_status":"open","ping_status":"open","sticky":false,"template":"","format":"standard","meta":{"footnotes":""},"categories":[40,45],"tags":[],"class_list":["post-69884","post","type-post","status-publish","format-standard","has-post-thumbnail","hentry","category-internacionales","category-salud"],"_links":{"self":[{"href":"https:\/\/2horizontes.com\/index.php?rest_route=\/wp\/v2\/posts\/69884","targetHints":{"allow":["GET"]}}],"collection":[{"href":"https:\/\/2horizontes.com\/index.php?rest_route=\/wp\/v2\/posts"}],"about":[{"href":"https:\/\/2horizontes.com\/index.php?rest_route=\/wp\/v2\/types\/post"}],"author":[{"embeddable":true,"href":"https:\/\/2horizontes.com\/index.php?rest_route=\/wp\/v2\/users\/44079"}],"replies":[{"embeddable":true,"href":"https:\/\/2horizontes.com\/index.php?rest_route=%2Fwp%2Fv2%2Fcomments&post=69884"}],"version-history":[{"count":1,"href":"https:\/\/2horizontes.com\/index.php?rest_route=\/wp\/v2\/posts\/69884\/revisions"}],"predecessor-version":[{"id":69886,"href":"https:\/\/2horizontes.com\/index.php?rest_route=\/wp\/v2\/posts\/69884\/revisions\/69886"}],"wp:featuredmedia":[{"embeddable":true,"href":"https:\/\/2horizontes.com\/index.php?rest_route=\/wp\/v2\/media\/69885"}],"wp:attachment":[{"href":"https:\/\/2horizontes.com\/index.php?rest_route=%2Fwp%2Fv2%2Fmedia&parent=69884"}],"wp:term":[{"taxonomy":"category","embeddable":true,"href":"https:\/\/2horizontes.com\/index.php?rest_route=%2Fwp%2Fv2%2Fcategories&post=69884"},{"taxonomy":"post_tag","embeddable":true,"href":"https:\/\/2horizontes.com\/index.php?rest_route=%2Fwp%2Fv2%2Ftags&post=69884"}],"curies":[{"name":"wp","href":"https:\/\/api.w.org\/{rel}","templated":true}]}}