{"id":69860,"date":"2020-04-19T14:53:29","date_gmt":"2020-04-19T13:53:29","guid":{"rendered":"http:\/\/2horizontes.com\/?p=69860"},"modified":"2020-04-19T14:53:33","modified_gmt":"2020-04-19T13:53:33","slug":"espana-registra-410-nuevas-muertes-en-un-dia-por-coronavirus-la-cifra-mas-baja-en-casi-un-mes","status":"publish","type":"post","link":"https:\/\/2horizontes.com\/?p=69860","title":{"rendered":"Espa\u00f1a registra 410 nuevas muertes en un d\u00eda por coronavirus, la cifra m\u00e1s baja en casi un mes"},"content":{"rendered":"\n<p>El Ministerio de Sanidad de Espa\u00f1a ha confirmado este 19 de abril 410 nuevos fallecimientos a causa del coronavirus, siendo la cifra m\u00e1s baja confirmada en los \u00faltimos 28 d\u00edas, elevando el total de v\u00edctimas mortales a 20.453.<\/p>\n\n\n\n<p>En las \u00faltimas 24 horas tambi\u00e9n se han confirmado en el pa\u00eds otros\u00a04.218 casos positivos de covid-19, elevando el\u00a0<strong>total de infectados a 195.944<\/strong>\u00a0desde el inicio de la pandemia.<\/p>\n\n\n\n<p>Adem\u00e1s, un total de 77.357 personas que resultaron infectadas han sido diagnosticadas como curadas hasta la fecha.<\/p>\n\n\n\n<p>El presidente del Gobierno de Espa\u00f1a, Pedro S\u00e1nchez, anunci\u00f3 este s\u00e1bado que pedir\u00e1 al pleno del Congreso de los Diputados la aprobaci\u00f3n de una nueva pr\u00f3rroga del estado de alarma, esta vez, para extenderlo hasta el pr\u00f3ximo 9 de mayo en vista de que \u00ablos logros todav\u00eda son d\u00e9biles\u00bb.<\/p>\n\n\n\n<p>S\u00e1nchez tambi\u00e9n reconoci\u00f3 la necesidad de considerar \u00abla realidad de muchos&nbsp;<strong>ni\u00f1os y ni\u00f1as<\/strong>\u00ab, sugiriendo una medida que&nbsp;<strong>flexibilizar\u00e1 el confinamiento<\/strong>&nbsp;para los m\u00e1s peque\u00f1os, permiti\u00e9ndoles salidas controladasa partir del d\u00eda 27 de abril.<\/p>\n\n\n\n<p>Jos\u00e9 Luis Mart\u00ednez Almeida, alcalde de Madrid,\u00a0<a rel=\"noreferrer noopener\" href=\"https:\/\/actualidad.rt.com\/actualidad\/350413-alcalde-madrid-estima-eventos-publicos\" target=\"_blank\">estima<\/a>\u00a0que en Espa\u00f1a no habr\u00e1 eventos multitudinarios, como conciertos de m\u00fasica o partidos de f\u00fatbol, por lo menos hasta oto\u00f1o de este a\u00f1o.<\/p>\n\n\n\n<p>Fuente: RT.<\/p>\n","protected":false},"excerpt":{"rendered":"<p>El Ministerio de Sanidad de Espa\u00f1a ha confirmado este 19 de abril 410 nuevos fallecimientos a causa del coronavirus, siendo la cifra m\u00e1s baja confirmada en los \u00faltimos 28 d\u00edas, elevando el total de v\u00edctimas mortales a 20.453. En las \u00faltimas 24 horas tambi\u00e9n se han confirmado en el pa\u00eds otros\u00a04.218 casos positivos de covid-19, [&hellip;]<\/p>\n","protected":false},"author":44079,"featured_media":69861,"comment_status":"open","ping_status":"open","sticky":false,"template":"","format":"standard","meta":{"footnotes":""},"categories":[85,45],"tags":[],"class_list":["post-69860","post","type-post","status-publish","format-standard","has-post-thumbnail","hentry","category-espana","category-salud"],"_links":{"self":[{"href":"https:\/\/2horizontes.com\/index.php?rest_route=\/wp\/v2\/posts\/69860","targetHints":{"allow":["GET"]}}],"collection":[{"href":"https:\/\/2horizontes.com\/index.php?rest_route=\/wp\/v2\/posts"}],"about":[{"href":"https:\/\/2horizontes.com\/index.php?rest_route=\/wp\/v2\/types\/post"}],"author":[{"embeddable":true,"href":"https:\/\/2horizontes.com\/index.php?rest_route=\/wp\/v2\/users\/44079"}],"replies":[{"embeddable":true,"href":"https:\/\/2horizontes.com\/index.php?rest_route=%2Fwp%2Fv2%2Fcomments&post=69860"}],"version-history":[{"count":1,"href":"https:\/\/2horizontes.com\/index.php?rest_route=\/wp\/v2\/posts\/69860\/revisions"}],"predecessor-version":[{"id":69862,"href":"https:\/\/2horizontes.com\/index.php?rest_route=\/wp\/v2\/posts\/69860\/revisions\/69862"}],"wp:featuredmedia":[{"embeddable":true,"href":"https:\/\/2horizontes.com\/index.php?rest_route=\/wp\/v2\/media\/69861"}],"wp:attachment":[{"href":"https:\/\/2horizontes.com\/index.php?rest_route=%2Fwp%2Fv2%2Fmedia&parent=69860"}],"wp:term":[{"taxonomy":"category","embeddable":true,"href":"https:\/\/2horizontes.com\/index.php?rest_route=%2Fwp%2Fv2%2Fcategories&post=69860"},{"taxonomy":"post_tag","embeddable":true,"href":"https:\/\/2horizontes.com\/index.php?rest_route=%2Fwp%2Fv2%2Ftags&post=69860"}],"curies":[{"name":"wp","href":"https:\/\/api.w.org\/{rel}","templated":true}]}}