{"id":69856,"date":"2020-04-18T22:28:53","date_gmt":"2020-04-18T21:28:53","guid":{"rendered":"http:\/\/2horizontes.com\/?p=69856"},"modified":"2020-04-18T22:29:25","modified_gmt":"2020-04-18T21:29:25","slug":"espana-el-gobierno-solicitara-extender-el-estado-de-alarma-en-hasta-el-9-de-mayo-permitiendo-salidas-controladas-a-los-ninos-a-partir-del-27-de-abril","status":"publish","type":"post","link":"https:\/\/2horizontes.com\/?p=69856","title":{"rendered":"Espa\u00f1a: El Gobierno solicitar\u00e1 extender el estado de alarma hasta el 9 de mayo permitiendo salidas controladas a los ni\u00f1os a partir del 27 de abril."},"content":{"rendered":"\n<p>El presidente del Gobierno de Espa\u00f1a, Pedro S\u00e1nchez, afirm\u00f3 este 18 de abril durante una rueda de prensa que \u00abel Gobierno propone extender el estado de alarma\u00bb hasta el pr\u00f3ximo 9 de mayo.<\/p>\n\n\n\n<p>El mandatario justific\u00f3 la decisi\u00f3n que busca hacer frente a la pandemia de coronavirus se\u00f1alando que \u00ab<strong>los logros todav\u00eda son d\u00e9biles<\/strong>\u00ab, y asegur\u00f3 que \u00abno es posible levantar las medidas generales de confinamiento\u00bb.<\/p>\n\n\n\n<p>Sin embargo, S\u00e1nchez reconoci\u00f3 la necesidad de considerar \u00abla realidad de muchos ni\u00f1os y ni\u00f1as\u00bb, sugiriendo una medida que flexibilizar\u00e1 el confinamiento para los m\u00e1s peque\u00f1os, permiti\u00e9ndoles salidas controladas<strong>&nbsp;a partir del d\u00eda 27 de abril<\/strong>.<\/p>\n\n\n\n<p>Al ser consultado sobre si los residentes de Espa\u00f1a podr\u00e1n viajar este verano, el presidente del Gobierno respondi\u00f3 que, aunque espera que sea as\u00ed, \u00abtenemos que ser humildes y saber que nos estamos enfrentando a un virus desconocido para la ciencia y tambi\u00e9n para la pol\u00edtica\u00bb.<\/p>\n\n\n\n<p>Para que la nueva pr\u00f3rroga del estado de alarma entre en vigor, la solicitud de S\u00e1nchez necesita recibir la aprobaci\u00f3n del Consejo de Ministros, de donde se llevar\u00e1 al Congreso de los Diputados para recibir la ratificaci\u00f3n con mayor\u00eda de votos a favor.<\/p>\n\n\n\n<p>El estado de alarma en Espa\u00f1a&nbsp;<a href=\"https:\/\/actualidad.rt.com\/actualidad\/346103-estado-alarma-espana-coronavirus\" target=\"_blank\" rel=\"noreferrer noopener\">se introdujo<\/a>&nbsp;el pasado 14 de marzo y ya&nbsp;<a href=\"https:\/\/actualidad.rt.com\/actualidad\/349368-congreso-espana-aprueba-emergencia-26-abril\" target=\"_blank\" rel=\"noreferrer noopener\">ha sido ampliado<\/a>&nbsp;dos veces (la \u00faltima hasta el 26 de abril). El pa\u00eds ib\u00e9rico \u2014el segundo en el mundo por casos de infecci\u00f3n con coronavirus\u2014 ya ha introducido algunas medidas de desescalada. Este lunes&nbsp;<a href=\"https:\/\/actualidad.rt.com\/actualidad\/349746-espana-reanudar-actividad-industrial-seguridad-criticas\" target=\"_blank\" rel=\"noreferrer noopener\">regresaron<\/a>&nbsp;al trabajo los empleados de algunos sectores no esenciales afectados por el decreto del pasado 30 de marzo, que impuso el cese de toda actividad econ\u00f3mica no imprescindible.<\/p>\n\n\n\n<p>Este s\u00e1bado se cumple la quinta semana desde que comenz\u00f3 estado de alarma en Espa\u00f1a. En esta jornada las&nbsp;<a rel=\"noreferrer noopener\" href=\"https:\/\/actualidad.rt.com\/actualidad\/350389-muertes-coronavirus-espana-supera-contagios\" target=\"_blank\">muertes<\/a>&nbsp;por covid-19 en el pa\u00eds&nbsp;<strong>superaron las 20.000<\/strong>&nbsp;y se contabilizaron&nbsp;<strong>m\u00e1s de 191.000 contagiados<\/strong>.<\/p>\n\n\n\n<h3 class=\"wp-block-heading\">\u00bfQu\u00e9 reglas hay que seguir?<\/h3>\n\n\n\n<ul class=\"wp-block-list\"><li>No se puede ir a trabajar<strong>&nbsp;si se presentan s\u00edntomas<\/strong>. En tal caso, se debe llamar a un tel\u00e9fono habilitado para este tipo de casos y seguir las recomendaciones que se reciban.<\/li><li>No acudir al trabajo si se ha estado&nbsp;<strong>en contacto con alguna persona que haya dado positivo<\/strong>. Los trabajadores en esta situaci\u00f3n deber\u00e1n prolongar su cuarentena durante, al menos, otros 14 d\u00edas.&nbsp;<\/li><li>No trabajar presencialmente si se puede hacer&nbsp;<strong>desde casa<\/strong>.&nbsp;<\/li><li>Los trabajadores con&nbsp;<strong>perfil de alto riesgo<\/strong>&nbsp;(personas con edad avanzada, hipertensi\u00f3n, diabetes, c\u00e1ncer, patolog\u00edas cardiovasculares o pulmonares cr\u00f3nicas o mujeres embarazadas) deber\u00e1n<strong>&nbsp;consultar con su m\u00e9dico<\/strong>&nbsp;antes de retomar su trabajo.<\/li><\/ul>\n\n\n\n<h3 class=\"wp-block-heading\">\u00bfQu\u00e9 recomiendan las autoridades?<\/h3>\n\n\n\n<p>El Gobierno espa\u00f1ol ha dado una serie de recomendaciones a aquellos empleados que vuelvan a ocupar sus puestos:<\/p>\n\n\n\n<ul class=\"wp-block-list\"><li><strong>Distancia de seguridad.&nbsp;<\/strong>Tanto dentro del transporte p\u00fablico como andando por la calle, debe mantenerse una distancia de dos metros entre personas. En caso de acudir al trabajo en coche, solo se permitir\u00e1 una persona en cada fila de asientos, y en cualquier caso compartir un veh\u00edculo deber\u00e1 estar plenamente justificado.&nbsp;<\/li><li><strong>Uso de mascarillas<\/strong>. Las fuerzas de seguridad del Estado van a repartir mascarillas entre los ciudadanos. En concreto, se estima que se distribuir\u00e1n&nbsp;&nbsp;<strong>10 millones de mascarillas en estaciones<\/strong>&nbsp;de tren, metro y autob\u00fas durante estos lunes y martes.&nbsp;<\/li><li>Para&nbsp;<strong>evitar aglomeraciones<\/strong>, se recomienda a las empresas organizar de forma escalonada la entrada y la salida de los empleados.&nbsp;<\/li><li>Tambi\u00e9n se recomienda&nbsp;<strong>reforzar la higiene<\/strong>&nbsp;personal y la desinfecci\u00f3n del lugar de trabajo.<\/li><\/ul>\n\n\n\n<p>Fuente: RT. <\/p>\n","protected":false},"excerpt":{"rendered":"<p>El presidente del Gobierno de Espa\u00f1a, Pedro S\u00e1nchez, afirm\u00f3 este 18 de abril durante una rueda de prensa que \u00abel Gobierno propone extender el estado de alarma\u00bb hasta el pr\u00f3ximo 9 de mayo. El mandatario justific\u00f3 la decisi\u00f3n que busca hacer frente a la pandemia de coronavirus se\u00f1alando que \u00ablos logros todav\u00eda son d\u00e9biles\u00ab, y [&hellip;]<\/p>\n","protected":false},"author":44079,"featured_media":69857,"comment_status":"open","ping_status":"open","sticky":false,"template":"","format":"standard","meta":{"footnotes":""},"categories":[85,45],"tags":[],"class_list":["post-69856","post","type-post","status-publish","format-standard","has-post-thumbnail","hentry","category-espana","category-salud"],"_links":{"self":[{"href":"https:\/\/2horizontes.com\/index.php?rest_route=\/wp\/v2\/posts\/69856","targetHints":{"allow":["GET"]}}],"collection":[{"href":"https:\/\/2horizontes.com\/index.php?rest_route=\/wp\/v2\/posts"}],"about":[{"href":"https:\/\/2horizontes.com\/index.php?rest_route=\/wp\/v2\/types\/post"}],"author":[{"embeddable":true,"href":"https:\/\/2horizontes.com\/index.php?rest_route=\/wp\/v2\/users\/44079"}],"replies":[{"embeddable":true,"href":"https:\/\/2horizontes.com\/index.php?rest_route=%2Fwp%2Fv2%2Fcomments&post=69856"}],"version-history":[{"count":2,"href":"https:\/\/2horizontes.com\/index.php?rest_route=\/wp\/v2\/posts\/69856\/revisions"}],"predecessor-version":[{"id":69859,"href":"https:\/\/2horizontes.com\/index.php?rest_route=\/wp\/v2\/posts\/69856\/revisions\/69859"}],"wp:featuredmedia":[{"embeddable":true,"href":"https:\/\/2horizontes.com\/index.php?rest_route=\/wp\/v2\/media\/69857"}],"wp:attachment":[{"href":"https:\/\/2horizontes.com\/index.php?rest_route=%2Fwp%2Fv2%2Fmedia&parent=69856"}],"wp:term":[{"taxonomy":"category","embeddable":true,"href":"https:\/\/2horizontes.com\/index.php?rest_route=%2Fwp%2Fv2%2Fcategories&post=69856"},{"taxonomy":"post_tag","embeddable":true,"href":"https:\/\/2horizontes.com\/index.php?rest_route=%2Fwp%2Fv2%2Ftags&post=69856"}],"curies":[{"name":"wp","href":"https:\/\/api.w.org\/{rel}","templated":true}]}}