{"id":69843,"date":"2020-04-18T14:00:13","date_gmt":"2020-04-18T13:00:13","guid":{"rendered":"http:\/\/2horizontes.com\/?p=69843"},"modified":"2020-04-18T14:00:15","modified_gmt":"2020-04-18T13:00:15","slug":"el-banco-mundial-estima-que-la-crisis-por-el-covid-19-sera-mucho-mas-profunda-que-la-gran-recesion","status":"publish","type":"post","link":"https:\/\/2horizontes.com\/?p=69843","title":{"rendered":"El Banco Mundial estima que la crisis por el covid-19 ser\u00e1 \u00abmucho m\u00e1s profunda que la Gran Recesi\u00f3n\u00bb"},"content":{"rendered":"\n<p>David Malpass, presidente del Banco Mundial, sostuvo este viernes que la pandemia de coronavirus provocar\u00e1 \u00abuna recesi\u00f3n mundial mucho m\u00e1s profunda\u00bb que la crisis financiera de 2008 y que podr\u00eda aniquilar el progreso reciente logrado por los pa\u00edses pobres.<\/p>\n\n\n\n<p>Durante la m\u00e1s reciente reuni\u00f3n semestral del Banco y el FMI, que en esta ocasi\u00f3n se celebr\u00f3 de forma virtual por el covid-19, Malpass&nbsp;<a href=\"https:\/\/www.worldbank.org\/en\/news\/statement\/2020\/04\/17\/world-bank-group-president-malpass-remarks-to-the-development-committee\" target=\"_blank\" rel=\"noreferrer noopener\">asever\u00f3<\/a>&nbsp;que el planeta se encuentra ante \u00ab<strong>una crisis sin precedentes<\/strong>, con devastadores efectos sanitarios, econ\u00f3micos y sociales en todo el mundo\u00bb.<\/p>\n\n\n\n<p>\u00abNuestras estimaciones sugieren una recesi\u00f3n mundial mucho m\u00e1s profunda que la Gran Recesi\u00f3n, dada la disminuci\u00f3n de la producci\u00f3n, la inversi\u00f3n, el empleo y el comercio\u00bb, advirti\u00f3 el jefe de la instituci\u00f3n.<\/p>\n\n\n\n<p>\u00abLos avances se pueden perder f\u00e1cilmente\u00bb<\/p>\n\n\n\n<p>Malpass sostuvo adem\u00e1s que, si bien los efectos tr\u00e1gicos de esta pandemia \u00abse est\u00e1n sintiendo en todo el mundo\u00bb, la crisis probablemente afectar\u00e1 m\u00e1s a los pa\u00edses y a las personas m\u00e1s pobres y vulnerables.<\/p>\n\n\n\n<p>En este sentido, anunci\u00f3 que el Banco tiene intenci\u00f3n de desplegar&nbsp;<strong>160.000 millones de d\u00f3lares<\/strong>&nbsp;en fondos, durante los pr\u00f3ximos 15 meses, hacia los pa\u00edses pobres de Asia, \u00c1frica y Am\u00e9rica Latina, con el objetivo de fortalecer su respuesta a la crisis de salud y su recuperaci\u00f3n econ\u00f3mica. Sin embargo, matiz\u00f3 que \u00abest\u00e1 claro que no ser\u00e1 suficiente\u00bb. \u00abSi no nos movemos r\u00e1pidamente para fortalecer los sistemas y la resiliencia, los avances en desarrollo de los \u00faltimos a\u00f1os se pueden perder f\u00e1cilmente\u00bb, asegur\u00f3.<\/p>\n\n\n\n<figure class=\"wp-block-image\"><img decoding=\"async\" src=\"https:\/\/i.ytimg.com\/vi\/MfNJSFRdz1U\/sddefault.jpg\" alt=\"\"\/><\/figure>\n\n\n\n<p>Fuente: RT.<\/p>\n","protected":false},"excerpt":{"rendered":"<p>David Malpass, presidente del Banco Mundial, sostuvo este viernes que la pandemia de coronavirus provocar\u00e1 \u00abuna recesi\u00f3n mundial mucho m\u00e1s profunda\u00bb que la crisis financiera de 2008 y que podr\u00eda aniquilar el progreso reciente logrado por los pa\u00edses pobres. Durante la m\u00e1s reciente reuni\u00f3n semestral del Banco y el FMI, que en esta ocasi\u00f3n se [&hellip;]<\/p>\n","protected":false},"author":44079,"featured_media":69844,"comment_status":"open","ping_status":"open","sticky":false,"template":"","format":"standard","meta":{"footnotes":""},"categories":[63,40],"tags":[],"class_list":["post-69843","post","type-post","status-publish","format-standard","has-post-thumbnail","hentry","category-economia","category-internacionales"],"_links":{"self":[{"href":"https:\/\/2horizontes.com\/index.php?rest_route=\/wp\/v2\/posts\/69843","targetHints":{"allow":["GET"]}}],"collection":[{"href":"https:\/\/2horizontes.com\/index.php?rest_route=\/wp\/v2\/posts"}],"about":[{"href":"https:\/\/2horizontes.com\/index.php?rest_route=\/wp\/v2\/types\/post"}],"author":[{"embeddable":true,"href":"https:\/\/2horizontes.com\/index.php?rest_route=\/wp\/v2\/users\/44079"}],"replies":[{"embeddable":true,"href":"https:\/\/2horizontes.com\/index.php?rest_route=%2Fwp%2Fv2%2Fcomments&post=69843"}],"version-history":[{"count":1,"href":"https:\/\/2horizontes.com\/index.php?rest_route=\/wp\/v2\/posts\/69843\/revisions"}],"predecessor-version":[{"id":69845,"href":"https:\/\/2horizontes.com\/index.php?rest_route=\/wp\/v2\/posts\/69843\/revisions\/69845"}],"wp:featuredmedia":[{"embeddable":true,"href":"https:\/\/2horizontes.com\/index.php?rest_route=\/wp\/v2\/media\/69844"}],"wp:attachment":[{"href":"https:\/\/2horizontes.com\/index.php?rest_route=%2Fwp%2Fv2%2Fmedia&parent=69843"}],"wp:term":[{"taxonomy":"category","embeddable":true,"href":"https:\/\/2horizontes.com\/index.php?rest_route=%2Fwp%2Fv2%2Fcategories&post=69843"},{"taxonomy":"post_tag","embeddable":true,"href":"https:\/\/2horizontes.com\/index.php?rest_route=%2Fwp%2Fv2%2Ftags&post=69843"}],"curies":[{"name":"wp","href":"https:\/\/api.w.org\/{rel}","templated":true}]}}