{"id":69761,"date":"2020-04-14T12:28:48","date_gmt":"2020-04-14T11:28:48","guid":{"rendered":"http:\/\/2horizontes.com\/?p=69761"},"modified":"2020-04-14T12:28:50","modified_gmt":"2020-04-14T11:28:50","slug":"mucha-gente-comienza-a-romper-el-aislamiento-en-republica-dominicana","status":"publish","type":"post","link":"https:\/\/2horizontes.com\/?p=69761","title":{"rendered":"Mucha gente comienza a romper el aislamiento en Rep\u00fablica Dominicana"},"content":{"rendered":"\n<p>La cotidianidad de la gente parec\u00eda haber retornado en el Gran Santo Domingo, a pesar de que el plazo de estado de emergencia que finalizaba ayer, ha sido extendido por otros 17 d\u00edas debido a los estragos del Covid-19.<\/p>\n\n\n\n<p>El flujo de personas en las calles aument\u00f3 significativamente en horas de la ma\u00f1ana. Por ejemplo, transportistas p\u00fablicos iban repletos de pasajeros, sin pensar en las consecuencias, mientras largas filas se formaban a las afueras de los bancos y compa\u00f1\u00edas de telecomunicaciones. En los mercados y supermercados tambi\u00e9n hab\u00eda muchedumbres esperando entrar a estos establecimientos en busca de alimentos.<\/p>\n\n\n\n<p>Muchos ciudadanos abordados por periodistas del LIST\u00cdN DIARIO manifestaron su descontento ante el problema creado.<\/p>\n\n\n\n<p>La escasez de comida, la suspensi\u00f3n de sueldos y la propaganda pol\u00edtica fueron algunas de las quejas que expusieron residentes de diversos sectores de la capital sobre el manejo del Gobierno ante la pandemia.<\/p>\n\n\n\n<p>Reporteros de este medio recorrieron los sectores Villa Juana, Villas Agr\u00edcolas, San Carlos, Sabana Perdida, Ensanche La Fe, Ensanche Quisqueya, Los Praditos y Herrera.<\/p>\n\n\n\n<p>\u201cEste Gobierno lo que est\u00e1 es en politiquer\u00eda; por aqu\u00ed no ha pasado ni una cajita de asistencia social\u201d, declar\u00f3 Samuel Taveras, residente en Villa Juana.<\/p>\n\n\n\n<p>Por su parte, Julio Armada, un vecino de Sabana P\u00e9rdida, explic\u00f3 que trabaja en una empresa de telecomunicaciones que ya le notific\u00f3 que ser\u00eda suspendido este mes debido a la situaci\u00f3n que afronta el pa\u00eds.<\/p>\n\n\n\n<p>\u201cYo tengo tres hijos y verdaderamente no s\u00e9 qu\u00e9 voy hacer para mantenerlos; se supone que el Gobierno iba a ayudarnos, pero no ha llegado nada\u201d, dijo Maikel Hilario, un residente de Herrera. En mercados y supermercados del Gran Santo Domingo tambi\u00e9n se observaba una gran cantidad de personas esperando entrar a esos establecimientos para comprar alimentos.<\/p>\n\n\n\n<p><strong>Plazo de la emergencia<\/strong><br>A partir de hoy inicia la extensi\u00f3n de 17 d\u00edas del estado de emergencia que aprob\u00f3 el pasado s\u00e1bado, en sesi\u00f3n extraordinaria y en lectura \u00fanica, el Senado de la Rep\u00fablica, con 22 votos favorables de la misma cantidad de presentes.<\/p>\n\n\n\n<p>La resoluci\u00f3n hab\u00eda sido enviada por la C\u00e1mara de Diputados, en la que se aprobaron 17 d\u00edas adicionales para el estado de emergencia nacional de los 25 m\u00e1s que hab\u00eda solicitado el Poder Ejecutivo.<\/p>\n\n\n\n<p>Aunque varios senadores oficialistas no estaban de acuerdo con que fuera solo por 17 d\u00edas m\u00e1s la extensi\u00f3n al estado de emergencia, se vieron obligados a aprobar los resultados en la c\u00e1mara baja, pues se corr\u00eda el riesgo de que el Gobierno incurriera en una ilegalidad aplicado medidas excepcionales m\u00e1s all\u00e1 del pr\u00f3ximo 13 de abril, fecha en que culmina el estado de emergencia aprobado inicialmente, o de no tener cu\u00f3rum para una pr\u00f3xima sesi\u00f3n.<\/p>\n\n\n\n<p><strong>Segundo mes.<\/strong><br>Con esta pr\u00f3rroga, el Poder Ejecutivo habr\u00e1 contado con 42 d\u00edas en estado de emergencia, habi\u00e9ndose aprobado la primera el pasado 19 de marzo.<\/p>\n\n\n\n<p>Fuente: List\u00edn Diario. <\/p>\n","protected":false},"excerpt":{"rendered":"<p>La cotidianidad de la gente parec\u00eda haber retornado en el Gran Santo Domingo, a pesar de que el plazo de estado de emergencia que finalizaba ayer, ha sido extendido por otros 17 d\u00edas debido a los estragos del Covid-19. El flujo de personas en las calles aument\u00f3 significativamente en horas de la ma\u00f1ana. Por ejemplo, [&hellip;]<\/p>\n","protected":false},"author":44079,"featured_media":69762,"comment_status":"open","ping_status":"open","sticky":false,"template":"","format":"standard","meta":{"footnotes":""},"categories":[44],"tags":[],"class_list":["post-69761","post","type-post","status-publish","format-standard","has-post-thumbnail","hentry","category-republica-dominicana"],"_links":{"self":[{"href":"https:\/\/2horizontes.com\/index.php?rest_route=\/wp\/v2\/posts\/69761","targetHints":{"allow":["GET"]}}],"collection":[{"href":"https:\/\/2horizontes.com\/index.php?rest_route=\/wp\/v2\/posts"}],"about":[{"href":"https:\/\/2horizontes.com\/index.php?rest_route=\/wp\/v2\/types\/post"}],"author":[{"embeddable":true,"href":"https:\/\/2horizontes.com\/index.php?rest_route=\/wp\/v2\/users\/44079"}],"replies":[{"embeddable":true,"href":"https:\/\/2horizontes.com\/index.php?rest_route=%2Fwp%2Fv2%2Fcomments&post=69761"}],"version-history":[{"count":1,"href":"https:\/\/2horizontes.com\/index.php?rest_route=\/wp\/v2\/posts\/69761\/revisions"}],"predecessor-version":[{"id":69763,"href":"https:\/\/2horizontes.com\/index.php?rest_route=\/wp\/v2\/posts\/69761\/revisions\/69763"}],"wp:featuredmedia":[{"embeddable":true,"href":"https:\/\/2horizontes.com\/index.php?rest_route=\/wp\/v2\/media\/69762"}],"wp:attachment":[{"href":"https:\/\/2horizontes.com\/index.php?rest_route=%2Fwp%2Fv2%2Fmedia&parent=69761"}],"wp:term":[{"taxonomy":"category","embeddable":true,"href":"https:\/\/2horizontes.com\/index.php?rest_route=%2Fwp%2Fv2%2Fcategories&post=69761"},{"taxonomy":"post_tag","embeddable":true,"href":"https:\/\/2horizontes.com\/index.php?rest_route=%2Fwp%2Fv2%2Ftags&post=69761"}],"curies":[{"name":"wp","href":"https:\/\/api.w.org\/{rel}","templated":true}]}}