{"id":69753,"date":"2020-04-14T11:54:42","date_gmt":"2020-04-14T10:54:42","guid":{"rendered":"http:\/\/2horizontes.com\/?p=69753"},"modified":"2020-04-14T11:54:50","modified_gmt":"2020-04-14T10:54:50","slug":"en-china-predicen-una-nueva-ola-del-covid-19","status":"publish","type":"post","link":"https:\/\/2horizontes.com\/?p=69753","title":{"rendered":"En China predicen una nueva ola del covid-19"},"content":{"rendered":"\n<p>La pandemia no terminar\u00e1 dentro de un par de meses y una&nbsp;nueva ola del coronavirus podr\u00eda comenzar dentro de medio a\u00f1o, seg\u00fan el doctor Zhang Wenhong, director del departamento de enfermedades infecciosas del hospital de Huashan en Shangh\u00e1i. El m\u00e9dico a\u00f1ade en una&nbsp;<a href=\"https:\/\/www.caixinglobal.com\/2020-04-08\/interview-zhang-wenhong-warns-of-second-wave-of-covid-19-pandemic-101539756.html\" target=\"_blank\" rel=\"noreferrer noopener\">entrevista<\/a>&nbsp;al portal de noticias Caixin que gracias a la experiencia obtenida, sobre todo en el \u00e1mbito del diagn\u00f3stico, el brote de la enfermedad&nbsp; no ser\u00e1 tan \u00abgrave\u00bb como el actual.<\/p>\n\n\n\n<h3 class=\"wp-block-heading\"><strong>Incertidumbre frente a la nueva ola<\/strong><\/h3>\n\n\n\n<p>\u00abEuropa y Estados Unidos est\u00e1n por alcanzar su auge y su punto de retorno por el n\u00famero de contagios, pero los brotes reci\u00e9n han comenzado en otras partes del mundo. Tomando esto en consideraci\u00f3n, la pandemia podr\u00eda ser contenida en tres o cuatro meses\u00bb, afirma el reconocido m\u00e9dico de Shangh\u00e1i. \u00ab<strong>La nueva ola podr\u00eda arrancar a finales de oto\u00f1o<\/strong>. Un\u00a0nuevo estallido de la pandemia internacional es muy probable\u00bb, agrega.<\/p>\n\n\n\n<p>Wenhong, quien encabeza la lucha contra el coronavirus en la ciudad de Shangh\u00e1i, subraya el hecho de que los nuevos brotes se registran en pa\u00edses con recursos m\u00e9dicos insuficientes y una&nbsp;econom\u00eda menos desarrollada. En particular, destaca los casos de \u00c1frica, Am\u00e9rica del Sur y la&nbsp;India. Seg\u00fan el experto, estas circunstancias conllevan cierta incertidumbre en la lucha global contra la pandemia.&nbsp;<\/p>\n\n\n\n<h3 class=\"wp-block-heading\"><strong>Pandemia en cifras<\/strong><\/h3>\n\n\n\n<p>El n\u00famero total de personas infectadas con coronavirus en el mundo ha superado los 1,8 millones, seg\u00fan los \u00faltimos datos proporcionados por la Universidad Johns Hopkins. La cifra de muertes ha alcanzado 119.766 a nivel mundial. El mayor n\u00famero de casos de infecci\u00f3n por coronavirus se registra en\u00a0EE.UU., seguido por Espa\u00f1a, Italia y Francia. En Am\u00e9rica Latina, Brasil sigue siendo el pa\u00eds que suma un mayor n\u00famero de contagios, con 23.723 casos confirmados, seguido por Per\u00fa, Chile y Ecuador.<\/p>\n\n\n\n<p>Fuente: RT.<\/p>\n","protected":false},"excerpt":{"rendered":"<p>La pandemia no terminar\u00e1 dentro de un par de meses y una&nbsp;nueva ola del coronavirus podr\u00eda comenzar dentro de medio a\u00f1o, seg\u00fan el doctor Zhang Wenhong, director del departamento de enfermedades infecciosas del hospital de Huashan en Shangh\u00e1i. El m\u00e9dico a\u00f1ade en una&nbsp;entrevista&nbsp;al portal de noticias Caixin que gracias a la experiencia obtenida, sobre todo [&hellip;]<\/p>\n","protected":false},"author":44079,"featured_media":69614,"comment_status":"open","ping_status":"open","sticky":false,"template":"","format":"standard","meta":{"footnotes":""},"categories":[40,45],"tags":[],"class_list":["post-69753","post","type-post","status-publish","format-standard","has-post-thumbnail","hentry","category-internacionales","category-salud"],"_links":{"self":[{"href":"https:\/\/2horizontes.com\/index.php?rest_route=\/wp\/v2\/posts\/69753","targetHints":{"allow":["GET"]}}],"collection":[{"href":"https:\/\/2horizontes.com\/index.php?rest_route=\/wp\/v2\/posts"}],"about":[{"href":"https:\/\/2horizontes.com\/index.php?rest_route=\/wp\/v2\/types\/post"}],"author":[{"embeddable":true,"href":"https:\/\/2horizontes.com\/index.php?rest_route=\/wp\/v2\/users\/44079"}],"replies":[{"embeddable":true,"href":"https:\/\/2horizontes.com\/index.php?rest_route=%2Fwp%2Fv2%2Fcomments&post=69753"}],"version-history":[{"count":1,"href":"https:\/\/2horizontes.com\/index.php?rest_route=\/wp\/v2\/posts\/69753\/revisions"}],"predecessor-version":[{"id":69754,"href":"https:\/\/2horizontes.com\/index.php?rest_route=\/wp\/v2\/posts\/69753\/revisions\/69754"}],"wp:featuredmedia":[{"embeddable":true,"href":"https:\/\/2horizontes.com\/index.php?rest_route=\/wp\/v2\/media\/69614"}],"wp:attachment":[{"href":"https:\/\/2horizontes.com\/index.php?rest_route=%2Fwp%2Fv2%2Fmedia&parent=69753"}],"wp:term":[{"taxonomy":"category","embeddable":true,"href":"https:\/\/2horizontes.com\/index.php?rest_route=%2Fwp%2Fv2%2Fcategories&post=69753"},{"taxonomy":"post_tag","embeddable":true,"href":"https:\/\/2horizontes.com\/index.php?rest_route=%2Fwp%2Fv2%2Ftags&post=69753"}],"curies":[{"name":"wp","href":"https:\/\/api.w.org\/{rel}","templated":true}]}}