{"id":69702,"date":"2020-04-10T12:46:41","date_gmt":"2020-04-10T11:46:41","guid":{"rendered":"http:\/\/2horizontes.com\/?p=69702"},"modified":"2020-04-10T12:46:43","modified_gmt":"2020-04-10T11:46:43","slug":"uno-de-los-destituidos-de-inaipi-niega-berlinesa-haya-renunciado-y-admitido-irregularidades","status":"publish","type":"post","link":"https:\/\/2horizontes.com\/?p=69702","title":{"rendered":"Uno de los destituidos de Inaipi niega Berlinesa haya renunciado y admitido irregularidades"},"content":{"rendered":"\n<p>SANTO DOMINGO.- El exsubdirector general de Gesti\u00f3n Institucional del Instituto Nacional de Atenci\u00f3n a la Primera Infancia (INAI\u00adPI), Juan L\u00f3pez, quien fuera cancelado anoche junto a otras seis personas de esa instituci\u00f3n por irregulares cometidas, neg\u00f3 este jueves que la exdirectora de la entidad, Berlinesa Franco haya renunciado ni admitido fraudes en el departamento de Compras.<\/p>\n\n\n\n<p>\u201cElla ni present\u00f3 renuncia ni admiti\u00f3 que se violaran procedimientos\u201d, respondi\u00f3 L\u00f3pez tras ser cuestionado sobre la dimisi\u00f3n de Franco informada ayer mi\u00e9rcioles por el consultor jur\u00eddico del Poder Ejecutivo, Flavio Dar\u00edo Espinal.<\/p>\n\n\n\n<p>\u201cLo de la renuncia es un procedimiento, no hubo carta, ella no fij\u00f3 carta en ese sentido, sino pusieron eso, renuncia\u201d, reiter\u00f3 L\u00f3pez al programa radial El Sol de la M\u00e1\u00f1ana.<\/p>\n\n\n\n<figure><iframe loading=\"lazy\" width=\"500\" height=\"281\" src=\"https:\/\/www.youtube.com\/embed\/0mc6oR-6TkI?feature=oembed\" allowfullscreen=\"\"><\/iframe><\/figure>\n\n\n\n<p>VER VIDEO A PARTIR DEL MINUTO 11:15<\/p>\n\n\n\n<p>Anoche Espinal afirm\u00f3 que la extitular de Inaipi&nbsp;present\u00f3 su renuncia con efecto inmediato, \u201cquien reconoci\u00f3 que por la prisa con el Estado de Emergencia del pa\u00eds fueron omitidos procedimientos mandatarios de nuestra legislaci\u00f3n\u201d.<\/p>\n\n\n\n<p>Indic\u00f3 que estas decisiones fueron motivadas tras realizarse las debidas investigaciones en torno al procedimiento para la compra de 40 mil kits de alimentaci\u00f3n.<\/p>\n\n\n\n<p>\u201cA estas violaciones se suma, adem\u00e1s, que se permiti\u00f3 la entrega de mercanc\u00edas por parte de proveedores al margen de cualquier proceso de compra y sin ninguna documentaci\u00f3n de respaldo\u201d, enfatiz\u00f3.<\/p>\n\n\n\n<p>Inform\u00f3, asimismo, que el proceso de compra en marcha ha sido cancelado. \u201cSe constat\u00f3, efectivamente, que se hab\u00eda establecido un mecanismo de precios fijos por encima de los precios del mercado, lo cual es inaceptable\u201d.<\/p>\n\n\n\n<p>Espinal se\u00f1al\u00f3, adem\u00e1s, que este caso ser\u00e1 puesto de manera inmediata a la Procuradur\u00eda General de la Rep\u00fablica, anuncio al que L\u00f3pez no le preocupa, seg\u00fan dijo.<\/p>\n\n\n\n<p>Reconoci\u00f3 que hubo errores de procedimientos, pero que jam\u00e1s hubo asignaci\u00f3n de compras a empresas y tampoco se adjudic\u00f3 a nadie y adelant\u00f3, que&nbsp; este viernes o s\u00e1bado, dar\u00e1 a conocer su versi\u00f3n a trav\u00e9s de un escrito p\u00fablico. Lament\u00f3 la decisi\u00f3n del Poder Ejecutivo por colocarlo ante la sociedad dominicana como corruptos.<\/p>\n\n\n\n<p>L\u00f3pez revel\u00f3, adem\u00e1s, que la exdirectora de la instituci\u00f3n, Berlinesa Franco, recib\u00eda presi\u00f3n de funcionarios del Palacio Nacional y afirma que fueron tomados como \u201cchivos expiatorios\u201d.<\/p>\n\n\n\n<p>Junto a \u00e9l, tambi\u00e9n fueron cancelados los directores de operaciones y de compras del INAIPI, Ricardo Guzm\u00e1n y Maira Mart\u00ednez, respectivamente.<\/p>\n\n\n\n<p>Asimismo, la directora administrativa y financiera, Ramona Hern\u00e1ndez; el director de planificaci\u00f3n y desarrollo, Alberto Jos\u00e9 Patxot, la encargada del departamento jur\u00eddico, Stefany Severino Cuello y la responsable de acceso a la informaci\u00f3n p\u00fablica, Clementina P\u00e9rez.<\/p>\n\n\n\n<p>Franco, que tambi\u00e9n es cu\u00f1ada del presidente Danilo Medina, decidi\u00f3 renunciar, por lo que su compadre nombr\u00f3 a Kenia Lora Abreu en su lugar, quien hasta su designaci\u00f3n era la directora general del Consejo Nacional para la Ni\u00f1ez y la Adolescencia (Conani), donde qued\u00f3 al mando Greybby Mar\u00eda Cuello Coste de Torres.<\/p>\n\n\n\n<p>Fuente: El Nuevo Diario. <\/p>\n\n\n\n<p><br><\/p>\n","protected":false},"excerpt":{"rendered":"<p>SANTO DOMINGO.- El exsubdirector general de Gesti\u00f3n Institucional del Instituto Nacional de Atenci\u00f3n a la Primera Infancia (INAI\u00adPI), Juan L\u00f3pez, quien fuera cancelado anoche junto a otras seis personas de esa instituci\u00f3n por irregulares cometidas, neg\u00f3 este jueves que la exdirectora de la entidad, Berlinesa Franco haya renunciado ni admitido fraudes en el departamento de [&hellip;]<\/p>\n","protected":false},"author":44079,"featured_media":69703,"comment_status":"open","ping_status":"open","sticky":false,"template":"","format":"standard","meta":{"footnotes":""},"categories":[43,44],"tags":[],"class_list":["post-69702","post","type-post","status-publish","format-standard","has-post-thumbnail","hentry","category-politica","category-republica-dominicana"],"_links":{"self":[{"href":"https:\/\/2horizontes.com\/index.php?rest_route=\/wp\/v2\/posts\/69702","targetHints":{"allow":["GET"]}}],"collection":[{"href":"https:\/\/2horizontes.com\/index.php?rest_route=\/wp\/v2\/posts"}],"about":[{"href":"https:\/\/2horizontes.com\/index.php?rest_route=\/wp\/v2\/types\/post"}],"author":[{"embeddable":true,"href":"https:\/\/2horizontes.com\/index.php?rest_route=\/wp\/v2\/users\/44079"}],"replies":[{"embeddable":true,"href":"https:\/\/2horizontes.com\/index.php?rest_route=%2Fwp%2Fv2%2Fcomments&post=69702"}],"version-history":[{"count":1,"href":"https:\/\/2horizontes.com\/index.php?rest_route=\/wp\/v2\/posts\/69702\/revisions"}],"predecessor-version":[{"id":69704,"href":"https:\/\/2horizontes.com\/index.php?rest_route=\/wp\/v2\/posts\/69702\/revisions\/69704"}],"wp:featuredmedia":[{"embeddable":true,"href":"https:\/\/2horizontes.com\/index.php?rest_route=\/wp\/v2\/media\/69703"}],"wp:attachment":[{"href":"https:\/\/2horizontes.com\/index.php?rest_route=%2Fwp%2Fv2%2Fmedia&parent=69702"}],"wp:term":[{"taxonomy":"category","embeddable":true,"href":"https:\/\/2horizontes.com\/index.php?rest_route=%2Fwp%2Fv2%2Fcategories&post=69702"},{"taxonomy":"post_tag","embeddable":true,"href":"https:\/\/2horizontes.com\/index.php?rest_route=%2Fwp%2Fv2%2Ftags&post=69702"}],"curies":[{"name":"wp","href":"https:\/\/api.w.org\/{rel}","templated":true}]}}