{"id":6969,"date":"2015-05-14T14:30:15","date_gmt":"2015-05-14T13:30:15","guid":{"rendered":"http:\/\/2horizontes.com\/?p=6969"},"modified":"2015-05-14T14:30:15","modified_gmt":"2015-05-14T13:30:15","slug":"quince-mineros-quedan-atrapados-en-mina-de-oro-en-colombia","status":"publish","type":"post","link":"https:\/\/2horizontes.com\/?p=6969","title":{"rendered":"Quince mineros quedan atrapados en mina de oro en Colombia"},"content":{"rendered":"<div id=\"ArticleAuthorDiv\" class=\"article-body-author\"><b>AP<\/b><\/div>\n<div id=\"ArticleSourceDiv\" class=\"article-body-author\"><b>Bogot\u00e1, Colombia<\/b><\/div>\n<div id=\"ArticleBody\">\n<p>Quince mineros quedaron atrapados ayer al inundarse una mina de oro en el centro de Colombia, informaron las autoridades.<\/p>\n<p>El accidente se produjo en una mina ubicada en el municipio de Riosucio, en el departamento de Caldas y a 200 kil\u00f3metros al noroeste de Bogot\u00e1, explic\u00f3 Jaime Gallego, coordinador de Defensa Civil en Caldas.<\/p>\n<p>\u00abDefinitivamente son 15 las personas que est\u00e1n atrapadas dentro del socav\u00f3n&#8230;(que) est\u00e1 totalmente inundado\u00bb, agreg\u00f3. Precis\u00f3 que en este momento se est\u00e1 trabajando con motobombas para hacer la evacuaci\u00f3n.<\/p>\n<p>Unas 100 personas est\u00e1n trabajando en las labores de rescate, que, en palabras de Gallego, \u00abva para largo\u00bb y podr\u00eda demorar varios d\u00edas.<\/p>\n<p>En su cuenta de Twitter, el presidente Juan Manuel Santos escribi\u00f3 que hab\u00eda dado instrucciones a la Agencia Nacional de Miner\u00eda para que de inmediato atienda la emergencia.<\/p>\n<p>Seg\u00fan C\u00e9sar Urue\u00f1a, director de socorro nacional de la Cruz Roja Colombiana, todo indica que en el interior hubo una explosi\u00f3n o se cort\u00f3 la energ\u00eda, por lo que las motobombas dejaron de funcionar y la mina se habr\u00eda inundado.<\/p>\n<p>Para el funcionario, a los mineros \u00abno los podemos dar por muertos hasta que lleguemos al sitio donde est\u00e1n; los damos en este momento por desaparecidos\u00bb.<\/p>\n<p>El due\u00f1o de la mina, Leonardo Mej\u00eda, indic\u00f3 que en la mina estaban trabajando 80 personas.<\/p>\n<p>Algunos mineros lograron salvar sus vidas, agreg\u00f3 Mej\u00eda, que adem\u00e1s indic\u00f3 que la mina es legal y que la tiene desde hace dos a\u00f1os.<\/p>\n<\/div>\n","protected":false},"excerpt":{"rendered":"<p>AP Bogot\u00e1, Colombia Quince mineros quedaron atrapados ayer al inundarse una mina de oro en el centro de Colombia, informaron las autoridades. El accidente se produjo en una mina ubicada en el municipio de Riosucio, en el departamento de Caldas y a 200 kil\u00f3metros al noroeste de Bogot\u00e1, explic\u00f3 Jaime Gallego, coordinador de Defensa Civil [&hellip;]<\/p>\n","protected":false},"author":7,"featured_media":6970,"comment_status":"open","ping_status":"open","sticky":false,"template":"","format":"standard","meta":{"footnotes":""},"categories":[50,40],"tags":[],"class_list":["post-6969","post","type-post","status-publish","format-standard","has-post-thumbnail","hentry","category-colombia","category-internacionales"],"_links":{"self":[{"href":"https:\/\/2horizontes.com\/index.php?rest_route=\/wp\/v2\/posts\/6969","targetHints":{"allow":["GET"]}}],"collection":[{"href":"https:\/\/2horizontes.com\/index.php?rest_route=\/wp\/v2\/posts"}],"about":[{"href":"https:\/\/2horizontes.com\/index.php?rest_route=\/wp\/v2\/types\/post"}],"author":[{"embeddable":true,"href":"https:\/\/2horizontes.com\/index.php?rest_route=\/wp\/v2\/users\/7"}],"replies":[{"embeddable":true,"href":"https:\/\/2horizontes.com\/index.php?rest_route=%2Fwp%2Fv2%2Fcomments&post=6969"}],"version-history":[{"count":1,"href":"https:\/\/2horizontes.com\/index.php?rest_route=\/wp\/v2\/posts\/6969\/revisions"}],"predecessor-version":[{"id":6971,"href":"https:\/\/2horizontes.com\/index.php?rest_route=\/wp\/v2\/posts\/6969\/revisions\/6971"}],"wp:featuredmedia":[{"embeddable":true,"href":"https:\/\/2horizontes.com\/index.php?rest_route=\/wp\/v2\/media\/6970"}],"wp:attachment":[{"href":"https:\/\/2horizontes.com\/index.php?rest_route=%2Fwp%2Fv2%2Fmedia&parent=6969"}],"wp:term":[{"taxonomy":"category","embeddable":true,"href":"https:\/\/2horizontes.com\/index.php?rest_route=%2Fwp%2Fv2%2Fcategories&post=6969"},{"taxonomy":"post_tag","embeddable":true,"href":"https:\/\/2horizontes.com\/index.php?rest_route=%2Fwp%2Fv2%2Ftags&post=6969"}],"curies":[{"name":"wp","href":"https:\/\/api.w.org\/{rel}","templated":true}]}}