{"id":69660,"date":"2020-04-07T00:12:28","date_gmt":"2020-04-06T23:12:28","guid":{"rendered":"http:\/\/2horizontes.com\/?p=69660"},"modified":"2020-04-07T00:14:21","modified_gmt":"2020-04-06T23:14:21","slug":"reportan-menos-muertos-y-contagios-por-covid-19-en-la-rep-dominicana","status":"publish","type":"post","link":"https:\/\/2horizontes.com\/?p=69660","title":{"rendered":"Reportan menos muertos y contagios por COVID-19 en la Rep. Dominicana"},"content":{"rendered":"\n<ul class=\"wp-block-list\"><li>\u00a0\u00a0\u00a0<\/li><\/ul>\n\n\n\n\n\n<p>SANTO DOMINGO.- Los casos nuevos y muertes por la COVID-19 en la Rep\u00fablica Dominicana parecen tener tendencia a la baja, a juzgar por los datos ofrecidos por el Ministerio de Salud en sus \u00faltimos dos boletines sobre esta enfermedad.<\/p>\n\n\n\n<p>Este lunes el organismo se\u00f1al\u00f3 que hasta el 5 de abril en el pa\u00eds se hab\u00edan reportado 83 casos nuevos y 4 nuevas defunciones.<\/p>\n\n\n\n\n\n<p>Este dato trae un aliciente en raz\u00f3n de que en el bolet\u00edn del domingo, correspondiente al 4 de abril, se indic\u00f3 que hasta este d\u00eda se hab\u00edan registrado 167 casos nuevos y otros&nbsp;cinco muertos.&nbsp; O sea, hay una diferencia de 84 casos a favor, en comparaci\u00f3n con los suministrados este lunes.<\/p>\n\n\n\n<p>En cuanto a las defunciones, hay una menos que en el reporte anterior.<\/p>\n\n\n\n<p>Otro dato alentador es que ha subido a 33 la cantidad de pacientes recuperados, o sea, nueve m\u00e1s que en el bolet\u00edn anterior, en el que la cantidad era de s\u00f3lo 24,<\/p>\n\n\n\n<p><strong>Numero de muertos ahora es de 86; hay 1,828 contagiados<\/strong><\/p>\n\n\n\n<p>SANTO DOMINGO (EFE).- Los muertos en la Rep\u00fablica Dominicana a causa del coronovirus llegaron a 86, tras registrarse cuatro nuevos decesos, inform\u00f3 este lunes el ministro de Salud P\u00fablica, Rafael S\u00e1nchez C\u00e1rdenas.<\/p>\n\n\n\n<p>En tanto, los contagios suman 1,828, de acuerdo con el funcionario, qui\u00e9n revel\u00f3 que entre estos se encuentran cuatro reclusos de la Penitenciaria La Victoria, donde se han realizado 576 pruebas tras la muerte de dos internos infectados por este virus.<\/p>\n\n\n\n<p>El 78 % de los fallecidos corresponde a hombres y la media de edad es de 62 a\u00f1os, explic\u00f3 S\u00e1nchez C\u00e1rdenas en rueda de prensa virtual.<\/p>\n\n\n\n<p>La mayor\u00eda de las v\u00edctimas fatales ten\u00edan enfermedades como diabetes, hipertensi\u00f3n y asma.<\/p>\n\n\n\n<p>El 38 % de los casos ocurri\u00f3 en el Distrito Nacional, el 15 % en Santo Domingo, el 11 % en Santiago, el 8 % en Duarte y el 6 % en La Vega.<\/p>\n\n\n\n<p><strong>33 dados de alta<\/strong><\/p>\n\n\n\n<p>S\u00e1nchez C\u00e1rdenas inform\u00f3 que el n\u00famero de pacientes que han sido dados de alta m\u00e9dica luego de ser afectados de coronavirus (Covid-19) se elev\u00f3 a 33.<\/p>\n\n\n\n<p><strong>M\u00e9dicos con execu\u00e1tur pueden indicar prueba<\/strong><\/p>\n\n\n\n<p>El Ministro anunci\u00f3 que a partir de este lunes todos los m\u00e9dicos con execu\u00e1tur emitido por el Poder Ejecutivo y que cumplan con los protocolos establecidos pueden indicar la prueba PCR de coronavirus.<\/p>\n\n\n\n<p>En la rueda de prensa, S\u00e1nchez C\u00e1rdenas llam\u00f3 a la ciudadan\u00eda a observar las medidas de higiene para evitar el contagio, as\u00ed como acudir a los centros asistenciales si presenta alguno de los s\u00edntomas de la enfermedad, entre ellos, tos y fiebre.<\/p>\n\n\n\n<p>A la vez, recomend\u00f3 el uso de mascarillas de forma masiva en las provincias que presentan transmisi\u00f3n comunitaria de la enfermedad, declarada pandemia por la Organizaci\u00f3n Mundial de la Salud (OMS).<\/p>\n\n\n\n<p>Por otro lado, el ministro de Salud llam\u00f3 a las autoridades a endurecer las medidas para evitar las visitas en las prisiones y en los asilos.<\/p>\n\n\n\n<p>Tambi\u00e9n anunci\u00f3 que el Laboratorio Patria Rivas ha empezado a realizar las pruebas de la enfermedad, lo que eleva a tres los laboratorios privados certificados para hacer este tipo de an\u00e1lisis.<\/p>\n\n\n\n<p>SP-AM<\/p>\n","protected":false},"excerpt":{"rendered":"<p>\u00a0\u00a0\u00a0 SANTO DOMINGO.- Los casos nuevos y muertes por la COVID-19 en la Rep\u00fablica Dominicana parecen tener tendencia a la baja, a juzgar por los datos ofrecidos por el Ministerio de Salud en sus \u00faltimos dos boletines sobre esta enfermedad. Este lunes el organismo se\u00f1al\u00f3 que hasta el 5 de abril en el pa\u00eds se [&hellip;]<\/p>\n","protected":false},"author":4,"featured_media":69661,"comment_status":"open","ping_status":"open","sticky":false,"template":"","format":"standard","meta":{"footnotes":""},"categories":[53,44,45],"tags":[],"class_list":["post-69660","post","type-post","status-publish","format-standard","has-post-thumbnail","hentry","category-provincias","category-republica-dominicana","category-salud"],"_links":{"self":[{"href":"https:\/\/2horizontes.com\/index.php?rest_route=\/wp\/v2\/posts\/69660","targetHints":{"allow":["GET"]}}],"collection":[{"href":"https:\/\/2horizontes.com\/index.php?rest_route=\/wp\/v2\/posts"}],"about":[{"href":"https:\/\/2horizontes.com\/index.php?rest_route=\/wp\/v2\/types\/post"}],"author":[{"embeddable":true,"href":"https:\/\/2horizontes.com\/index.php?rest_route=\/wp\/v2\/users\/4"}],"replies":[{"embeddable":true,"href":"https:\/\/2horizontes.com\/index.php?rest_route=%2Fwp%2Fv2%2Fcomments&post=69660"}],"version-history":[{"count":2,"href":"https:\/\/2horizontes.com\/index.php?rest_route=\/wp\/v2\/posts\/69660\/revisions"}],"predecessor-version":[{"id":69663,"href":"https:\/\/2horizontes.com\/index.php?rest_route=\/wp\/v2\/posts\/69660\/revisions\/69663"}],"wp:featuredmedia":[{"embeddable":true,"href":"https:\/\/2horizontes.com\/index.php?rest_route=\/wp\/v2\/media\/69661"}],"wp:attachment":[{"href":"https:\/\/2horizontes.com\/index.php?rest_route=%2Fwp%2Fv2%2Fmedia&parent=69660"}],"wp:term":[{"taxonomy":"category","embeddable":true,"href":"https:\/\/2horizontes.com\/index.php?rest_route=%2Fwp%2Fv2%2Fcategories&post=69660"},{"taxonomy":"post_tag","embeddable":true,"href":"https:\/\/2horizontes.com\/index.php?rest_route=%2Fwp%2Fv2%2Ftags&post=69660"}],"curies":[{"name":"wp","href":"https:\/\/api.w.org\/{rel}","templated":true}]}}