{"id":69636,"date":"2020-03-24T22:29:05","date_gmt":"2020-03-24T21:29:05","guid":{"rendered":"http:\/\/2horizontes.com\/?p=69636"},"modified":"2020-03-24T22:38:46","modified_gmt":"2020-03-24T21:38:46","slug":"periodista-dominicana-ana-lis-manzanillo","status":"publish","type":"post","link":"https:\/\/2horizontes.com\/?p=69636","title":{"rendered":"Periodista Dominicana Analis Manzanillo, informa sobre situaci\u00f3n del COVID 19 en RD."},"content":{"rendered":"\n<p>La comunicadora Analis Manzanillo, nos informa en un breve resumen la situaci\u00f3n de como se ha ido desempe\u00f1ando la enfermedad causada por este virus el cual se ha convertido en una epidemia mundial el Coronavirus. <\/p>\n\n\n\n<p>La licenciada expresa que son m\u00e1s de dos  los funcionarios que han dado positivo entre estos se encuentran  infectado Rafael V\u00e1squez Paulino (Fiquito), alto dirigente de esta entidad&nbsp; y exdiputado, un cercano colaborador del canciller y presidente del PRD, Miguel Vargas,&nbsp; quien tambi\u00e9n al igual que la vicecanciller y vicepresidenta en funciones de esta entidad pol\u00edtica, Peggy Cabral, tienen el covid-19. <\/p>\n\n\n\n<p> El primero del PRD en dar positivo fue Vargas Maldonado, quien se realiz\u00f3 una prueba luego de que su hijo Miguel Pa\u00fal diera positivo a la enfermedad. Hizo el anuncio el pasado domingo a trav\u00e9s de su cuenta de Twitter. <\/p>\n\n\n\n<p> Entre las v\u00edctimas fatales mencion\u00f3 a la dise\u00f1adora de moda dominicana Jenny Polanco, quien anunci\u00f3 la semana pasada que se hab\u00eda infectado en una fiesta organizada por ella misma en su domicilio. <\/p>\n\n\n\n<p>Resaltando la estad\u00edstica de los casos positivos  con un  n\u00famero de contagiados del  coronavirus en Rep\u00fablica Dominicana pas\u00f3 este martes de 245 a 312 y el de fallecidos de tres a seis, informac\u00econ dada por  el ministro de Salud P\u00fablica, Rafael S\u00e1nchez C\u00e1rdenas. <\/p>\n\n\n\n<figure class=\"wp-block-embed-youtube wp-block-embed is-type-video is-provider-youtube wp-embed-aspect-4-3 wp-has-aspect-ratio\"><div class=\"wp-block-embed__wrapper\">\n<iframe loading=\"lazy\" title=\"Periodista Lis Manzanillo nos informa sobre el COVID19\" width=\"960\" height=\"720\" src=\"https:\/\/www.youtube.com\/embed\/-y1bE74rMJ8?feature=oembed\" frameborder=\"0\" allow=\"accelerometer; autoplay; encrypted-media; gyroscope; picture-in-picture\" allowfullscreen><\/iframe>\n<\/div><figcaption>Lis Manzanillo.<\/figcaption><\/figure>\n","protected":false},"excerpt":{"rendered":"<p>La comunicadora Analis Manzanillo, nos informa en un breve resumen la situaci\u00f3n de como se ha ido desempe\u00f1ando la enfermedad causada por este virus el cual se ha convertido en una epidemia mundial el Coronavirus. La licenciada expresa que son m\u00e1s de dos los funcionarios que han dado positivo entre estos se encuentran infectado Rafael [&hellip;]<\/p>\n","protected":false},"author":4,"featured_media":65133,"comment_status":"open","ping_status":"open","sticky":true,"template":"","format":"standard","meta":{"footnotes":""},"categories":[46,83,44,45],"tags":[],"class_list":["post-69636","post","type-post","status-publish","format-standard","has-post-thumbnail","hentry","category-dominicanos-en-madrid","category-reportajes","category-republica-dominicana","category-salud"],"_links":{"self":[{"href":"https:\/\/2horizontes.com\/index.php?rest_route=\/wp\/v2\/posts\/69636","targetHints":{"allow":["GET"]}}],"collection":[{"href":"https:\/\/2horizontes.com\/index.php?rest_route=\/wp\/v2\/posts"}],"about":[{"href":"https:\/\/2horizontes.com\/index.php?rest_route=\/wp\/v2\/types\/post"}],"author":[{"embeddable":true,"href":"https:\/\/2horizontes.com\/index.php?rest_route=\/wp\/v2\/users\/4"}],"replies":[{"embeddable":true,"href":"https:\/\/2horizontes.com\/index.php?rest_route=%2Fwp%2Fv2%2Fcomments&post=69636"}],"version-history":[{"count":4,"href":"https:\/\/2horizontes.com\/index.php?rest_route=\/wp\/v2\/posts\/69636\/revisions"}],"predecessor-version":[{"id":69640,"href":"https:\/\/2horizontes.com\/index.php?rest_route=\/wp\/v2\/posts\/69636\/revisions\/69640"}],"wp:featuredmedia":[{"embeddable":true,"href":"https:\/\/2horizontes.com\/index.php?rest_route=\/wp\/v2\/media\/65133"}],"wp:attachment":[{"href":"https:\/\/2horizontes.com\/index.php?rest_route=%2Fwp%2Fv2%2Fmedia&parent=69636"}],"wp:term":[{"taxonomy":"category","embeddable":true,"href":"https:\/\/2horizontes.com\/index.php?rest_route=%2Fwp%2Fv2%2Fcategories&post=69636"},{"taxonomy":"post_tag","embeddable":true,"href":"https:\/\/2horizontes.com\/index.php?rest_route=%2Fwp%2Fv2%2Ftags&post=69636"}],"curies":[{"name":"wp","href":"https:\/\/api.w.org\/{rel}","templated":true}]}}