{"id":69623,"date":"2020-03-20T14:58:41","date_gmt":"2020-03-20T13:58:41","guid":{"rendered":"http:\/\/2horizontes.com\/?p=69623"},"modified":"2020-03-20T14:58:45","modified_gmt":"2020-03-20T13:58:45","slug":"espana-supera-los-1-000-muertos-sin-vislumbrar-aun-el-pico-de-la-epidemia-del-coronavirus","status":"publish","type":"post","link":"https:\/\/2horizontes.com\/?p=69623","title":{"rendered":"Espa\u00f1a supera los 1.000 muertos sin vislumbrar a\u00fan el pico de la epidemia del coronavirus"},"content":{"rendered":"\n<p>Casi 20.000 casos han sido ya diagnosticados, la mitad de ellos ingresados en hospitales<\/p>\n\n\n\n<p>Superado ya el millar de muertos y con claros signos de fatiga en varios puntos de la red sanitaria, Espa\u00f1a ha empezado a transitar por la zona m\u00e1s oscura de la\u00a0crisis del coronavirus. Que no se sepa cu\u00e1nto tiempo va a durar esta etapa quiz\u00e1 sea el m\u00e1s duro, pero es solo uno m\u00e1s de los muchos interrogantes que quedan por resolver.<\/p>\n\n\n\n\n\n<p>\u201cVienen los d\u00edas peores\u201d, ha alertado esta ma\u00f1ana el ministro de Sanidad, Salvador Illa, quien no ha ocultado que el aumento de casos sigue implacable sin que a\u00fan se sepa si las duras medidas de contenci\u00f3n social adoptadas por el Gobierno est\u00e1n siendo efectivas. \u201cHay que mantener la tensi\u00f3n. Tenemos que conseguirlo y tenemos que conseguirlo lo antes posible\u201d, ha proclamado por su parte el coordinador de emergencias,\u00a0Fernando Sim\u00f3n, quien ha admitido de que \u201cel impacto que esto est\u00e1 teniendo en nuestra sociedad no se puede aguantar mucho tiempo\u201d.<\/p>\n\n\n\n<p>Espa\u00f1a ha registrado hasta el momento 1.002 fallecidos, un 30% m\u00e1s que el ofrecido por Sanidad 24 horas antes. Tambi\u00e9n han crecido de forma importante, el 21,5%, el n\u00famero de enfermos ingresados en la UCI, que ya ascienden a 1.141. Estos dos datos son los m\u00e1s importantes para seguir la evoluci\u00f3n de la epidemia ya que, como he reconocido Sim\u00f3n, \u201cla transmisi\u00f3n comunitaria del virus es mayor que la reflejada por los datos\u201d por la falta de pruebas realizadas a muchos casos sospechosos en la \u00faltima semana.<\/p>\n\n\n\n<p>Pese a ello, Espa\u00f1a ya le disputa a Ir\u00e1n el tercer lugar en la lista con pa\u00edses que m\u00e1s casos de coronavirus han diagnosticado en el mundo, con 19.988 y solo tras China e Italia. La mitad de ellos han sido hospitalizados. La \u00fanica buena noticia es que tambi\u00e9n ha cogido impulso la cantidad de enfermos que van recibiendo el alta, que ya son 1.585.<\/p>\n\n\n\n<p>Madrid sigue siendo el gran epicentro del coronavirus en Espa\u00f1a por la magnitud de sus cifras, aunque haya otras provincias como La Rioja y \u00c1lava en las que la incidencia del virus sea mayor en relaci\u00f3n a su poblaci\u00f3n. El registro de fallecidos se ha incrementado en la Comunidad en 130 personas en las \u00faltimas 24 horas. Son el 55% del total de Espa\u00f1a, un porcentaje que desciende en los \u00faltimos d\u00edas a medida que aumentan los fallecidos en otras comunidades.<\/p>\n\n\n\n<p>Catalu\u00f1a, con 3.270 casos y 85 fallecidos, y el Pa\u00eds Vasco, con 1465 y 71, respectivamente, siguen la estela de Madrid en datos absolutos, aunque en relaci\u00f3n a su poblaci\u00f3n son esta \u00faltima comunidad, Castilla-La Mancha (42 muertos) y Castilla y Le\u00f3n (43) en las que la epidemia est\u00e1 causando un mayor golpe en vidas humanas.<\/p>\n","protected":false},"excerpt":{"rendered":"<p>Casi 20.000 casos han sido ya diagnosticados, la mitad de ellos ingresados en hospitales Superado ya el millar de muertos y con claros signos de fatiga en varios puntos de la red sanitaria, Espa\u00f1a ha empezado a transitar por la zona m\u00e1s oscura de la\u00a0crisis del coronavirus. Que no se sepa cu\u00e1nto tiempo va a [&hellip;]<\/p>\n","protected":false},"author":1,"featured_media":69624,"comment_status":"open","ping_status":"open","sticky":false,"template":"","format":"standard","meta":{"footnotes":""},"categories":[85,45],"tags":[],"class_list":["post-69623","post","type-post","status-publish","format-standard","has-post-thumbnail","hentry","category-espana","category-salud"],"_links":{"self":[{"href":"https:\/\/2horizontes.com\/index.php?rest_route=\/wp\/v2\/posts\/69623","targetHints":{"allow":["GET"]}}],"collection":[{"href":"https:\/\/2horizontes.com\/index.php?rest_route=\/wp\/v2\/posts"}],"about":[{"href":"https:\/\/2horizontes.com\/index.php?rest_route=\/wp\/v2\/types\/post"}],"author":[{"embeddable":true,"href":"https:\/\/2horizontes.com\/index.php?rest_route=\/wp\/v2\/users\/1"}],"replies":[{"embeddable":true,"href":"https:\/\/2horizontes.com\/index.php?rest_route=%2Fwp%2Fv2%2Fcomments&post=69623"}],"version-history":[{"count":1,"href":"https:\/\/2horizontes.com\/index.php?rest_route=\/wp\/v2\/posts\/69623\/revisions"}],"predecessor-version":[{"id":69625,"href":"https:\/\/2horizontes.com\/index.php?rest_route=\/wp\/v2\/posts\/69623\/revisions\/69625"}],"wp:featuredmedia":[{"embeddable":true,"href":"https:\/\/2horizontes.com\/index.php?rest_route=\/wp\/v2\/media\/69624"}],"wp:attachment":[{"href":"https:\/\/2horizontes.com\/index.php?rest_route=%2Fwp%2Fv2%2Fmedia&parent=69623"}],"wp:term":[{"taxonomy":"category","embeddable":true,"href":"https:\/\/2horizontes.com\/index.php?rest_route=%2Fwp%2Fv2%2Fcategories&post=69623"},{"taxonomy":"post_tag","embeddable":true,"href":"https:\/\/2horizontes.com\/index.php?rest_route=%2Fwp%2Fv2%2Ftags&post=69623"}],"curies":[{"name":"wp","href":"https:\/\/api.w.org\/{rel}","templated":true}]}}