{"id":69616,"date":"2020-03-19T22:25:29","date_gmt":"2020-03-19T21:25:29","guid":{"rendered":"http:\/\/2horizontes.com\/?p=69616"},"modified":"2020-03-19T22:25:30","modified_gmt":"2020-03-19T21:25:30","slug":"gobierno-inicia-pago-adelantado-del-sueldo-marzo-a-empleados-publicos","status":"publish","type":"post","link":"https:\/\/2horizontes.com\/?p=69616","title":{"rendered":"Gobierno inicia pago adelantado del sueldo marzo a empleados p\u00fablicos"},"content":{"rendered":"\n<p>SANTO DOMINGO.- La&nbsp;Tesorer\u00eda Nacional inform\u00f3 que inici\u00f3 el pago a los servidores p\u00fablicos, como parte del programa anunciado por el presidente Danilo Medina para enfrentar el coronavirus.<\/p>\n\n\n\n<p>En un documento de prensa, la dependencia explica&nbsp;que los primeros en recibir sus salarios fueron los pensionados civiles y militares.<\/p>\n\n\n\n<p>Agreg\u00f3 que se han tomado las medidas que indica el protocolo para proteger a su personal del Covid-19.<\/p>\n\n\n\n\n\n<p><strong>\u201cL<\/strong>os servidores que est\u00e1n laborando trabajan a toda capacidad para que los empleados p\u00fablicos cobren su salario lo antes posible\u201d, sostiene el documento.<\/p>\n\n\n\n<p>El Gobierno adelant\u00f3 el pago de la n\u00f3mina a los trabajadores de la administraci\u00f3n p\u00fablica debido al coronavirus y anunci\u00f3 el cese de la actividad comercial, excepto supermercados, colmados y farmacias.<\/p>\n\n\n\n<p>La administraci\u00f3n p\u00fablica funcionar\u00e1 al 50% en<\/p>\n","protected":false},"excerpt":{"rendered":"<p>SANTO DOMINGO.- La&nbsp;Tesorer\u00eda Nacional inform\u00f3 que inici\u00f3 el pago a los servidores p\u00fablicos, como parte del programa anunciado por el presidente Danilo Medina para enfrentar el coronavirus. En un documento de prensa, la dependencia explica&nbsp;que los primeros en recibir sus salarios fueron los pensionados civiles y militares. Agreg\u00f3 que se han tomado las medidas que [&hellip;]<\/p>\n","protected":false},"author":4,"featured_media":69617,"comment_status":"open","ping_status":"open","sticky":false,"template":"","format":"standard","meta":{"footnotes":""},"categories":[55,43,44],"tags":[],"class_list":["post-69616","post","type-post","status-publish","format-standard","has-post-thumbnail","hentry","category-educacion","category-politica","category-republica-dominicana"],"_links":{"self":[{"href":"https:\/\/2horizontes.com\/index.php?rest_route=\/wp\/v2\/posts\/69616","targetHints":{"allow":["GET"]}}],"collection":[{"href":"https:\/\/2horizontes.com\/index.php?rest_route=\/wp\/v2\/posts"}],"about":[{"href":"https:\/\/2horizontes.com\/index.php?rest_route=\/wp\/v2\/types\/post"}],"author":[{"embeddable":true,"href":"https:\/\/2horizontes.com\/index.php?rest_route=\/wp\/v2\/users\/4"}],"replies":[{"embeddable":true,"href":"https:\/\/2horizontes.com\/index.php?rest_route=%2Fwp%2Fv2%2Fcomments&post=69616"}],"version-history":[{"count":1,"href":"https:\/\/2horizontes.com\/index.php?rest_route=\/wp\/v2\/posts\/69616\/revisions"}],"predecessor-version":[{"id":69618,"href":"https:\/\/2horizontes.com\/index.php?rest_route=\/wp\/v2\/posts\/69616\/revisions\/69618"}],"wp:featuredmedia":[{"embeddable":true,"href":"https:\/\/2horizontes.com\/index.php?rest_route=\/wp\/v2\/media\/69617"}],"wp:attachment":[{"href":"https:\/\/2horizontes.com\/index.php?rest_route=%2Fwp%2Fv2%2Fmedia&parent=69616"}],"wp:term":[{"taxonomy":"category","embeddable":true,"href":"https:\/\/2horizontes.com\/index.php?rest_route=%2Fwp%2Fv2%2Fcategories&post=69616"},{"taxonomy":"post_tag","embeddable":true,"href":"https:\/\/2horizontes.com\/index.php?rest_route=%2Fwp%2Fv2%2Ftags&post=69616"}],"curies":[{"name":"wp","href":"https:\/\/api.w.org\/{rel}","templated":true}]}}