{"id":69600,"date":"2020-03-17T00:07:22","date_gmt":"2020-03-16T23:07:22","guid":{"rendered":"http:\/\/2horizontes.com\/?p=69600"},"modified":"2020-03-17T00:07:24","modified_gmt":"2020-03-16T23:07:24","slug":"el-presidente-medina-hablara-este-martes-sobre-impacto-coronavirus-rd","status":"publish","type":"post","link":"https:\/\/2horizontes.com\/?p=69600","title":{"rendered":"El Presidente Medina hablar\u00e1 este martes sobre impacto coronavirus RD"},"content":{"rendered":"\n<figure><iframe loading=\"lazy\" width=\"500\" height=\"281\" src=\"https:\/\/www.youtube.com\/embed\/DPDh1BlOWik?feature=oembed&amp;wmode=opaque\" allowfullscreen=\"\"><\/iframe><\/figure>\n\n\n\n<p>SANTO DOMINGO.-&nbsp;El presidente Danilo Medina se dirigir\u00e1 al pa\u00eds este martes a las 8 de la noche&nbsp; para hablar sobre el impacto econ\u00f3mico y social que pudiera provocar el coronavirus a la Rep\u00fablica Dominicana y anunciar otras medidas para prevenir la propagaci\u00f3n de esta pandemia.<\/p>\n\n\n\n\n\n<p>Luego de una reuni\u00f3n encabezada por el Mandatario con los titulares de todas las instituciones del Gobierno, el&nbsp;&nbsp;ministro de administrativo de la Presidencia, Gustavo Montalvo, anunci\u00f3 una jornada masiva de prevenci\u00f3n del coronavirus a nivel nacional este mi\u00e9rcoles.<\/p>\n\n\n\n<p>En la misma polic\u00edas y militares acudir\u00e1 cada por casa a informar a las familias qu\u00e9 deben hacer para evitar contraer la enfermedad. Asimismo, dijo que los miembros de los cuerpos castrenses fueron instru\u00eddos sobre c\u00f3mo protegerse del virus ellos y sus familias.<\/p>\n","protected":false},"excerpt":{"rendered":"<p>SANTO DOMINGO.-&nbsp;El presidente Danilo Medina se dirigir\u00e1 al pa\u00eds este martes a las 8 de la noche&nbsp; para hablar sobre el impacto econ\u00f3mico y social que pudiera provocar el coronavirus a la Rep\u00fablica Dominicana y anunciar otras medidas para prevenir la propagaci\u00f3n de esta pandemia. Luego de una reuni\u00f3n encabezada por el Mandatario con los [&hellip;]<\/p>\n","protected":false},"author":4,"featured_media":69601,"comment_status":"open","ping_status":"open","sticky":false,"template":"","format":"standard","meta":{"footnotes":""},"categories":[43,44,45],"tags":[],"class_list":["post-69600","post","type-post","status-publish","format-standard","has-post-thumbnail","hentry","category-politica","category-republica-dominicana","category-salud"],"_links":{"self":[{"href":"https:\/\/2horizontes.com\/index.php?rest_route=\/wp\/v2\/posts\/69600","targetHints":{"allow":["GET"]}}],"collection":[{"href":"https:\/\/2horizontes.com\/index.php?rest_route=\/wp\/v2\/posts"}],"about":[{"href":"https:\/\/2horizontes.com\/index.php?rest_route=\/wp\/v2\/types\/post"}],"author":[{"embeddable":true,"href":"https:\/\/2horizontes.com\/index.php?rest_route=\/wp\/v2\/users\/4"}],"replies":[{"embeddable":true,"href":"https:\/\/2horizontes.com\/index.php?rest_route=%2Fwp%2Fv2%2Fcomments&post=69600"}],"version-history":[{"count":1,"href":"https:\/\/2horizontes.com\/index.php?rest_route=\/wp\/v2\/posts\/69600\/revisions"}],"predecessor-version":[{"id":69602,"href":"https:\/\/2horizontes.com\/index.php?rest_route=\/wp\/v2\/posts\/69600\/revisions\/69602"}],"wp:featuredmedia":[{"embeddable":true,"href":"https:\/\/2horizontes.com\/index.php?rest_route=\/wp\/v2\/media\/69601"}],"wp:attachment":[{"href":"https:\/\/2horizontes.com\/index.php?rest_route=%2Fwp%2Fv2%2Fmedia&parent=69600"}],"wp:term":[{"taxonomy":"category","embeddable":true,"href":"https:\/\/2horizontes.com\/index.php?rest_route=%2Fwp%2Fv2%2Fcategories&post=69600"},{"taxonomy":"post_tag","embeddable":true,"href":"https:\/\/2horizontes.com\/index.php?rest_route=%2Fwp%2Fv2%2Ftags&post=69600"}],"curies":[{"name":"wp","href":"https:\/\/api.w.org\/{rel}","templated":true}]}}