{"id":69578,"date":"2020-03-15T18:09:09","date_gmt":"2020-03-15T17:09:09","guid":{"rendered":"http:\/\/2horizontes.com\/?p=69578"},"modified":"2020-03-15T18:09:12","modified_gmt":"2020-03-15T17:09:12","slug":"johnny-ventura-culpa-al-gobierno-por-la-poca-afluencia-en-municipales","status":"publish","type":"post","link":"https:\/\/2horizontes.com\/?p=69578","title":{"rendered":"Johnny Ventura culpa al Gobierno por la poca afluencia en municipales"},"content":{"rendered":"\n<p>SANTO DOMINGO.- El candidato del partido Fuerza del Pueblo (FP)&nbsp;a alcalde del Distrito Nacional, Johnny Ventura, atribuy\u00f3 la lentitud y poca afluencia en las primeras horas de las elecciones municipales a las medidas que anunci\u00f3 el Gobierno para evitar contagios con el coronavirus.<\/p>\n\n\n\n<p>\u201cEn las primeras horas de votaci\u00f3n ha faltado gente en los centros de votaci\u00f3n posiblemente debido a las informaciones difundidas anoche por el Gobierno, anunciando la suspensi\u00f3n de vuelos hacia y desde Europa, China y Corea del Sur por el coronavirus\u201d, declar\u00f3 Ventura minutos despu\u00e9s de haber votado.<\/p>\n\n\n\n<p>El tambi\u00e9n cantante y director de orquesta de merengue, explic\u00f3, sin embargo, que \u201clo importante es que la poblaci\u00f3n salga a votar y que lo hagan en paz y con la intenci\u00f3n de que la Rep\u00fablica Dominicana se encauce hacia una democracia verdadera\u201d.<\/p>\n\n\n\n\n\n<p>De otro lado, dijo que le parece \u201cvergonzoso\u201d que el proceso se est\u00e9 desarrollando bajo tutela internacional, debido a la suspensi\u00f3n de las elecciones el pasado 16 de febrero.<\/p>\n\n\n\n<p>jt\/am<\/p>\n","protected":false},"excerpt":{"rendered":"<p>SANTO DOMINGO.- El candidato del partido Fuerza del Pueblo (FP)&nbsp;a alcalde del Distrito Nacional, Johnny Ventura, atribuy\u00f3 la lentitud y poca afluencia en las primeras horas de las elecciones municipales a las medidas que anunci\u00f3 el Gobierno para evitar contagios con el coronavirus. \u201cEn las primeras horas de votaci\u00f3n ha faltado gente en los centros [&hellip;]<\/p>\n","protected":false},"author":4,"featured_media":69579,"comment_status":"open","ping_status":"open","sticky":false,"template":"","format":"standard","meta":{"footnotes":""},"categories":[43,44],"tags":[],"class_list":["post-69578","post","type-post","status-publish","format-standard","has-post-thumbnail","hentry","category-politica","category-republica-dominicana"],"_links":{"self":[{"href":"https:\/\/2horizontes.com\/index.php?rest_route=\/wp\/v2\/posts\/69578","targetHints":{"allow":["GET"]}}],"collection":[{"href":"https:\/\/2horizontes.com\/index.php?rest_route=\/wp\/v2\/posts"}],"about":[{"href":"https:\/\/2horizontes.com\/index.php?rest_route=\/wp\/v2\/types\/post"}],"author":[{"embeddable":true,"href":"https:\/\/2horizontes.com\/index.php?rest_route=\/wp\/v2\/users\/4"}],"replies":[{"embeddable":true,"href":"https:\/\/2horizontes.com\/index.php?rest_route=%2Fwp%2Fv2%2Fcomments&post=69578"}],"version-history":[{"count":1,"href":"https:\/\/2horizontes.com\/index.php?rest_route=\/wp\/v2\/posts\/69578\/revisions"}],"predecessor-version":[{"id":69580,"href":"https:\/\/2horizontes.com\/index.php?rest_route=\/wp\/v2\/posts\/69578\/revisions\/69580"}],"wp:featuredmedia":[{"embeddable":true,"href":"https:\/\/2horizontes.com\/index.php?rest_route=\/wp\/v2\/media\/69579"}],"wp:attachment":[{"href":"https:\/\/2horizontes.com\/index.php?rest_route=%2Fwp%2Fv2%2Fmedia&parent=69578"}],"wp:term":[{"taxonomy":"category","embeddable":true,"href":"https:\/\/2horizontes.com\/index.php?rest_route=%2Fwp%2Fv2%2Fcategories&post=69578"},{"taxonomy":"post_tag","embeddable":true,"href":"https:\/\/2horizontes.com\/index.php?rest_route=%2Fwp%2Fv2%2Ftags&post=69578"}],"curies":[{"name":"wp","href":"https:\/\/api.w.org\/{rel}","templated":true}]}}