{"id":6954,"date":"2015-05-14T11:55:35","date_gmt":"2015-05-14T10:55:35","guid":{"rendered":"http:\/\/2horizontes.com\/?p=6954"},"modified":"2015-05-14T11:55:35","modified_gmt":"2015-05-14T10:55:35","slug":"rajoy-ciclista-el-deporte-es-bueno-para-quien-lo-hace","status":"publish","type":"post","link":"https:\/\/2horizontes.com\/?p=6954","title":{"rendered":"Rajoy ciclista El deporte es bueno para quien lo hace"},"content":{"rendered":"<p class=\"mce\">Los riesgos de participar en un mitin ma\u00f1anero despu\u00e9s de someterse a una sesi\u00f3n de control en el Congreso es que te puede tocar un paseo en bici con las candidatas de Madrid. Este mi\u00e9rcoles le ha tocado a Mariano Rajoy, que algo inseguro y encorbatado, se ha subido a la bicicleta escoltado por Esperanza Aguirre y Cristina Cifuentes. Solo se ha quitado la americana para la ocasi\u00f3n.<\/p>\n<p class=\"mce\">A pesar de que ambas han destacado lo \u00abmucho que sabe del deporte de competici\u00f3n\u00bb, Rajoy ha conseguido completar el recorrido con algunos bailes del manillar. Sus compa\u00f1eras, previsoras, iban mejor vestidas para el desempe\u00f1o. Cifuentes, incluso, ha cambiado las deportivas por los tacones antes de subir al atril y ha presumido de saber lidiar \u00abcon los condicionantes de las mujeres.<\/p>\n<p class=\"mce\">Mientras la empresa Los Norte\u00f1os calentaba las barbacoas a unos metros del estrado y se repart\u00edan pulseritas con la bandera espa\u00f1ola y el lema preferido de Aguirre, \u00abPico y pala\u00bb, los tres han ensalzado los valores de la bicicleta. Aguirre, recordando cuando viajaba \u00abde m\u00e1s joven\u00bb por Europa y ya \u00abasociaba la bici con el crecimiento econ\u00f3mico\u00bb y con \u00abla calma y el buen rollo\u00bb que transmiten.<\/p>\n<p class=\"mce\">El jefe del Ejecutivo, experto en ver ciclismo por televisi\u00f3n, ha destacado que lo de ir en bici \u00abse puede hacer a cualquier edad\u00bb y que el hecho de que se haga deporte \u00abes bueno para quien lo hace y para quien no\u00bb. Entre los motivos de celebraci\u00f3n, que las bicis p\u00fablicas en Madrid tengan motor: \u00ab\u00a1Es m\u00e1s f\u00e1cil que hacerlo a pura pierna!\u00bb.<\/p>\n<p class=\"mce\">Como anfitriona, Aguirre fue quien cerr\u00f3 el acto y lider\u00f3 la estampida de afiliados y candidatos hacia la comida: \u00abAhora la empresa Los Norte\u00f1os nos invita a unas hamburguesitas y el PP, a unas bebidas.<\/p>\n<p class=\"mce\">\n","protected":false},"excerpt":{"rendered":"<p>Los riesgos de participar en un mitin ma\u00f1anero despu\u00e9s de someterse a una sesi\u00f3n de control en el Congreso es que te puede tocar un paseo en bici con las candidatas de Madrid. Este mi\u00e9rcoles le ha tocado a Mariano Rajoy, que algo inseguro y encorbatado, se ha subido a la bicicleta escoltado por Esperanza [&hellip;]<\/p>\n","protected":false},"author":3,"featured_media":6955,"comment_status":"open","ping_status":"open","sticky":false,"template":"","format":"standard","meta":{"footnotes":""},"categories":[42],"tags":[],"class_list":["post-6954","post","type-post","status-publish","format-standard","has-post-thumbnail","hentry","category-deportes"],"_links":{"self":[{"href":"https:\/\/2horizontes.com\/index.php?rest_route=\/wp\/v2\/posts\/6954","targetHints":{"allow":["GET"]}}],"collection":[{"href":"https:\/\/2horizontes.com\/index.php?rest_route=\/wp\/v2\/posts"}],"about":[{"href":"https:\/\/2horizontes.com\/index.php?rest_route=\/wp\/v2\/types\/post"}],"author":[{"embeddable":true,"href":"https:\/\/2horizontes.com\/index.php?rest_route=\/wp\/v2\/users\/3"}],"replies":[{"embeddable":true,"href":"https:\/\/2horizontes.com\/index.php?rest_route=%2Fwp%2Fv2%2Fcomments&post=6954"}],"version-history":[{"count":1,"href":"https:\/\/2horizontes.com\/index.php?rest_route=\/wp\/v2\/posts\/6954\/revisions"}],"predecessor-version":[{"id":6956,"href":"https:\/\/2horizontes.com\/index.php?rest_route=\/wp\/v2\/posts\/6954\/revisions\/6956"}],"wp:featuredmedia":[{"embeddable":true,"href":"https:\/\/2horizontes.com\/index.php?rest_route=\/wp\/v2\/media\/6955"}],"wp:attachment":[{"href":"https:\/\/2horizontes.com\/index.php?rest_route=%2Fwp%2Fv2%2Fmedia&parent=6954"}],"wp:term":[{"taxonomy":"category","embeddable":true,"href":"https:\/\/2horizontes.com\/index.php?rest_route=%2Fwp%2Fv2%2Fcategories&post=6954"},{"taxonomy":"post_tag","embeddable":true,"href":"https:\/\/2horizontes.com\/index.php?rest_route=%2Fwp%2Fv2%2Ftags&post=6954"}],"curies":[{"name":"wp","href":"https:\/\/api.w.org\/{rel}","templated":true}]}}