{"id":69536,"date":"2020-03-11T14:35:22","date_gmt":"2020-03-11T13:35:22","guid":{"rendered":"http:\/\/2horizontes.com\/?p=69536"},"modified":"2020-03-11T14:35:24","modified_gmt":"2020-03-11T13:35:24","slug":"el-contagio-en-vox-suspende-una-semana-la-actividad-en-el-congreso","status":"publish","type":"post","link":"https:\/\/2horizontes.com\/?p=69536","title":{"rendered":"El contagio en Vox suspende una semana la actividad en el Congreso"},"content":{"rendered":"\n<p>El jueves comparecer\u00e1 el ministro de Sanidad en su comisi\u00f3n y otra junta y mesa de portavoces planificar\u00e1 ese d\u00eda el funcionamiento futuro de la C\u00e1mara.<\/p>\n\n\n\n<p>El Congreso de los Diputados ha decidido este martes suspender de entrada durante una semana toda su actividad parlamentaria y dejarla en m\u00ednimos por el impacto del coronavirus. La afecci\u00f3n de un diputado de Vox, Javier Ortega Smith, ha provocado primero que todo su grupo parlamentario, 52 diputados, decidiera no trabajar m\u00e1s en el Congreso y luego se han reunido de manera conjunta y extraordinaria la Mesa y la Junta de Portavoces y han optado por aplazar el pleno de esta semana al menos siete d\u00edas \u201cpor razones de legitimidad democr\u00e1tica\u201d m\u00e1s que sanitarias.<\/p>\n\n\n\n\n\n<p>Los dos \u00f3rganos de direcci\u00f3n de la C\u00e1mara baja han acordado tambi\u00e9n por unanimidad que el jueves se mantenga como estaba prevista la comparecencia precisamente del ministro de Sanidad, Salvador Illa, para dar explicaciones sobre la evoluci\u00f3n del virus y ese d\u00eda habr\u00e1 otra Mesa y otra Junta para planificar el funcionamiento futuro de la instituci\u00f3n con cierta \u201cnormalidad democr\u00e1tica\u201d si el coronavirus mantiene su actividad. El PP ha suscrito los acuerdos pero ha puesto muchos reparos al aplazamiento de la actividad, sobre todo porque exige una exposici\u00f3n monogr\u00e1fica del presidente, Pedro S\u00e1nchez, \u201cpara liderar la crisis\u201d.<\/p>\n\n\n\n<ul class=\"wp-block-list\"><li><\/li><\/ul>\n\n\n\n<p>No existe en el Congreso ning\u00fan precedente de una suspensi\u00f3n de este tipo de la actividad parlamentaria por una afecci\u00f3n v\u00edrica o alg\u00fan tipo de epidemia. No sucedi\u00f3 ni durante la incidencia del virus de la gripe aviar ni de las vacas locas. Una paralizaci\u00f3n de la vida parlamentaria solo la pueden adoptar los \u00f3rganos de direcci\u00f3n del Congreso, en este caso la Mesa y la Junta de Portavoces, como ha sucedido en este caso de manera in\u00e9dita. Esta misma ma\u00f1ana, de hecho, antes de conocerse la afecci\u00f3n del diputado Javier Ortega Smith, se ha celebrado una sesi\u00f3n de la Mesa a la que ha acudido sin ning\u00fan problema evidente su compa\u00f1ero de Vox, el vicepresidente Ignacio Gil L\u00e1zaro.<\/p>\n\n\n\n<p>La inquietud se ha desatado en el Congreso cuando se ha corroborado la infecci\u00f3n de Javier Ortega Smith, diputado de Vox y tambi\u00e9n portavoz en el Ayuntamiento de Madrid. Varios de sus compa\u00f1eros de grupo han acudido incluso a los servicios m\u00e9dicos del Congreso y all\u00ed se les han ratificado las instrucciones para proceder en estos casos. El m\u00e9dico del Congreso les ha recomendado las conocidas medidas de higiene y tambi\u00e9n que no tuvieran reuniones y ejercieran desde sus despachos. Un ujier se ha presentado en el mismo despacho m\u00e9dico y ha consultado con el doctor: \u201c\u00bfYo el jueves pasado le d\u00ed la mano a Ortega Smith, pasa algo?\u201d. El m\u00e9dico le ha tranquilizado y le ha recordado que debe lavarse las manos frecuentemente. La secretaria general del grupo, Macarena Olona, que ha sido madre recientemente, no ha participado en las reuniones de portavoces y se ha trasladado a su oficina ya con mascarilla. Lo mismo han hecho otros parlamentarios de esa formaci\u00f3n.<\/p>\n\n\n\n<p>La situaci\u00f3n y las distintas informaciones y alertas han llegado a la reuni\u00f3n que ya estaban celebrando todos los componentes de la Junta de Portavoces de todos los partidos. Han habilitado un receso y han acumulado nueva informaci\u00f3n para volver a reunirse. El debate se ha prolongado por lo in\u00e9dito del escenario, por la relevancia de paralizar unos d\u00edas la funci\u00f3n del poder legislativo de una democracia y por algunas discrepancias de forma. La presidenta del Congreso, la socialista Meritxell Batet, ha planteado a todos los grupos que ser\u00eda bueno en estos momentos comparecer todos de manera conjunta para lanzar una mensaje de tranquilidad y de unidad. Esa imagen no se ha producido porque el PP se ha negado.<\/p>\n\n\n\n<p>El PP ha discutido que hubiera tanto inter\u00e9s por generar esa imagen de unidad y que sin embargo el presidente del Gobierno, Pedro S\u00e1nchez, no quisiera comparecer con urgencia en el Congreso para explicar c\u00f3mo se piensa afrontar esta crisis. Los populares reclamaban esa intervenci\u00f3n de S\u00e1nchez y el PSOE les replic\u00f3 que si se pretend\u00eda reducir la sensaci\u00f3n de alarma a lo mejor no era una buena idea provocar una comparecencia del presidente y podr\u00eda valer con la ya prevista del ministro de Sanidad. Al final se opt\u00f3 por esa soluci\u00f3n y ser\u00e1 el ministro Illa el que dar\u00e1 las explicaciones el jueves en la comisi\u00f3n de Sanidad, que ya estaba programada. Tras las discusiones al respecto se acord\u00f3 por unanimidad que la propia Batet convocara una conferencia de prensa para dar a conocer las medidas.<\/p>\n\n\n\n<p>Pero dentro, en la reuni\u00f3n, no hubo \u201cuna unanimidad perfecta\u201d, como luego revel\u00f3 la portavoz del PP en el Congreso, Cayetana \u00c1lvarez de Toledo. La dirigente popular incidi\u00f3 mucho, en varias exposiciones, en que \u201cen democracia el parlamento, el Congreso, no se cierra ni se pone en cuarentena ni en una guerra\u201d y reclam\u00f3 se \u201cacotara lo m\u00e1ximo posible\u00bb, y de forma precisa, hasta cu\u00e1ndo se aplazaban las sesiones.<\/p>\n\n\n\n<p>Batet acudi\u00f3 al escritorio del Congreso acompa\u00f1ada de los miembros de la Mesa. Los portavoces de todos los grupos estuvieron presentes en la sala, pero en el otro lado para no salir en la imagen juntos. Batet inform\u00f3 ah\u00ed de la suspensi\u00f3n de la actividad una semana \u201cno por razones sanitarias sino porque un grupo parlamentario en pleno (Vox, de 52 miembros) ha decidido no asistir a las sesiones parlamentarias previstas\u201d. La presidenta lo justific\u00f3 por razones de \u201cprudencia y sanitarias\u201d pero subray\u00f3 especialmente la importancia de no reducir la legitimidad democr\u00e1tica en las votaciones a registrar sin la presencia de Vox.<\/p>\n\n\n\n<p>La Mesa y la Junta de Portavoces se volver\u00e1n a reunir este mismo jueves para estudiar m\u00e1s medidas y para analizar qu\u00e9 opciones existen para mantener la actividad del Congreso si la infecci\u00f3n del coronavirus se mantiene m\u00e1s tiempo. Una de las opciones que se estudiar\u00e1 ser\u00e1 la de convocar Diputaciones Permanentes en vez de plenos, porque son m\u00e1s restringidas, de apenas 50 miembros, y se pueden celebrar en una sala grande, la Constitucional, donde los diputados pueden trabajar m\u00e1s espaciados que cuando se celebra un pleno en el hemiciclo con los 350 parlamentarios presentes.<\/p>\n\n\n\n<p>La portavoz de Coalici\u00f3n Canaria, Ana Oramas, fue la que sugiri\u00f3 que si el coronavirus no remite y sigue vigente la semana que viene los grupos parlamentarios podr\u00edan aprobar por unanimidad una reforma expr\u00e9s del Reglamento del Congreso para habilitar incluso sesiones de control del poder legislativo al ejecutivo dentro de la Diputaci\u00f3n Permanente. Esa idea tambi\u00e9n es del agrado del PP, y de otros grupos. La portavoz del PP tambi\u00e9n avanz\u00f3 que en unos d\u00edas los 52 diputados de Vox deber\u00edan someterse a m\u00e1s pruebas y test y si algunos las superan entonces podr\u00edan habilitarse sesiones para no postergar m\u00e1s el control al Ejecutivo.<\/p>\n\n\n\n<p>Lo que no tuvo mucho respaldo fue la iniciativa esbozada con insistencia por \u00c1lvarez de Toledo para un pleno monogr\u00e1fico ya sobre el coronavirus con Pedro S\u00e1nchez. El portavoz del PNV, Aitor Esteban, hasta le recrimin\u00f3 que esa sesi\u00f3n pudiera servir \u201cpara todos los pol\u00edticos se tiraran los trastos a la cabeza\u201d como hacen ahora bastante habitualmente en vez de para emitir se\u00f1ales de tranquilidad. \u00c1lvarez de Toledo le rebati\u00f3 y apunt\u00f3 que esa sesi\u00f3n, en un futuro pr\u00f3ximo, podr\u00eda servir a S\u00e1nchez de \u201coportunidad\u201d para liderar la crisis, compartir buena informaci\u00f3n, interna y europea, y retratar el nivel y la altura de todos los intervinentes. El PSOE, ah\u00ed, se call\u00f3 a la espera de ver c\u00f3mo evoluciona la enfermedad y de si es necesaria y conveniente esa comparecencia.<\/p>\n\n\n\n<p>En el Senado, por otra parte, se han desconvocado todas las comisiones de esta semana y se da unos d\u00edas de margen, hasta ver qu\u00e9 hace el Congreso el jueves, para decir si anula el pleno de la pr\u00f3xima semana, que de momento se mantiene y es de control al Gobierno, el martes 17 de marzo, con la presencia prevista de Pedro S\u00e1nchez. La C\u00e1mara alta s\u00ed ha cancelado las visitas de grupo, as\u00ed como las reuniones y viajes tanto en esta semana como la que viene. La decisi\u00f3n afecta a los actos previstos en recuerdo de las v\u00edctimas del 11-M, informa&nbsp;<strong>Jos\u00e9 Marcos<\/strong>.<\/p>\n","protected":false},"excerpt":{"rendered":"<p>El jueves comparecer\u00e1 el ministro de Sanidad en su comisi\u00f3n y otra junta y mesa de portavoces planificar\u00e1 ese d\u00eda el funcionamiento futuro de la C\u00e1mara. El Congreso de los Diputados ha decidido este martes suspender de entrada durante una semana toda su actividad parlamentaria y dejarla en m\u00ednimos por el impacto del coronavirus. La [&hellip;]<\/p>\n","protected":false},"author":4,"featured_media":69538,"comment_status":"open","ping_status":"open","sticky":false,"template":"","format":"standard","meta":{"footnotes":""},"categories":[85,43],"tags":[],"class_list":["post-69536","post","type-post","status-publish","format-standard","has-post-thumbnail","hentry","category-espana","category-politica"],"_links":{"self":[{"href":"https:\/\/2horizontes.com\/index.php?rest_route=\/wp\/v2\/posts\/69536","targetHints":{"allow":["GET"]}}],"collection":[{"href":"https:\/\/2horizontes.com\/index.php?rest_route=\/wp\/v2\/posts"}],"about":[{"href":"https:\/\/2horizontes.com\/index.php?rest_route=\/wp\/v2\/types\/post"}],"author":[{"embeddable":true,"href":"https:\/\/2horizontes.com\/index.php?rest_route=\/wp\/v2\/users\/4"}],"replies":[{"embeddable":true,"href":"https:\/\/2horizontes.com\/index.php?rest_route=%2Fwp%2Fv2%2Fcomments&post=69536"}],"version-history":[{"count":1,"href":"https:\/\/2horizontes.com\/index.php?rest_route=\/wp\/v2\/posts\/69536\/revisions"}],"predecessor-version":[{"id":69539,"href":"https:\/\/2horizontes.com\/index.php?rest_route=\/wp\/v2\/posts\/69536\/revisions\/69539"}],"wp:featuredmedia":[{"embeddable":true,"href":"https:\/\/2horizontes.com\/index.php?rest_route=\/wp\/v2\/media\/69538"}],"wp:attachment":[{"href":"https:\/\/2horizontes.com\/index.php?rest_route=%2Fwp%2Fv2%2Fmedia&parent=69536"}],"wp:term":[{"taxonomy":"category","embeddable":true,"href":"https:\/\/2horizontes.com\/index.php?rest_route=%2Fwp%2Fv2%2Fcategories&post=69536"},{"taxonomy":"post_tag","embeddable":true,"href":"https:\/\/2horizontes.com\/index.php?rest_route=%2Fwp%2Fv2%2Ftags&post=69536"}],"curies":[{"name":"wp","href":"https:\/\/api.w.org\/{rel}","templated":true}]}}