{"id":69533,"date":"2020-03-11T14:22:09","date_gmt":"2020-03-11T13:22:09","guid":{"rendered":"http:\/\/2horizontes.com\/?p=69533"},"modified":"2020-03-11T14:22:11","modified_gmt":"2020-03-11T13:22:11","slug":"sanidad-preve-que-la-epidemia-que-suma-mas-de-2-100-infecciones-dure-entre-dos-y-cinco-meses","status":"publish","type":"post","link":"https:\/\/2horizontes.com\/?p=69533","title":{"rendered":"Sanidad prev\u00e9 que la epidemia, que suma m\u00e1s de 2.100 infecciones, dure entre dos y cinco meses"},"content":{"rendered":"\n<p>Sanidad prev\u00e9 que la epidemia, que suma m\u00e1s de 2.100 infecciones, dure entre dos y cinco meses.<\/p>\n\n\n\n<p>En un escenario ideal, si todas las medidas para controlar el coronavirus salen a la perfecci\u00f3n, Sanidad calcula que\u00a0la epidemia de Covid-19\u00a0podr\u00eda terminar en Espa\u00f1a en dos meses. Pero este panorama es tan id\u00edlico que los expertos lo ven improbable. \u201cEn el peor de los casos, podr\u00edan ser cuatro o cinco\u201d, ha dicho este mi\u00e9rcoles\u00a0Fernando Sim\u00f3n, director del Centro de Coordinaci\u00f3n de Alertas y Emergencias Sanitarias, cuando la epidemia suma 2.109 casos confirmados.<\/p>\n\n\n\n<figure><iframe width=\"1\" height=\"1\"><\/iframe><\/figure>\n\n\n\n<p>Sim\u00f3n da por hecho que la epidemia ser\u00e1 estacional y que, m\u00e1s tarde o m\u00e1s temprano, entre la primavera y el verano, veremos el \u00faltimo contagio del SARS-CoV-2 en Espa\u00f1a. Desde que esto suceda, para que la epidemia se pueda dar por concluida, tendr\u00e1n que pasar dos periodos de incubaci\u00f3n, es decir, alrededor de un mes, que est\u00e1 incluido en esos \u201cde dos a cinco\u201d que pronostica el ministerio. \u201cEn el \u00faltimo periodo la ciudadan\u00eda ya ni se dar\u00eda cuenta, pero los equipos de epidemiolog\u00eda seguir\u00edan trabajando\u201d, ha matizado Sim\u00f3n.<\/p>\n\n\n\n<p>Esto no quiere decir que la poblaci\u00f3n vaya a estar estos meses sometida a\u00a0las medidas que se est\u00e1n poniendo en marcha, y que van desde el cierre de colegios y clausura de actos multitudinarios en las zonas de riesgo (Madrid, La Rioja, Vitoria y Labastida), hasta la recomendaci\u00f3n de no viajar a todos los espa\u00f1oles por un periodo de al menos 14 d\u00edas. La previsi\u00f3n es que todas estas cautelas comiencen a reflejarse en un descenso en los nuevos casos que se reportan a diario, como ha sucedido en otros pa\u00edses que comenzaron a sufrir la epidemia antes, como China o Corea del Sur. Pero esto no suceder\u00e1 hasta dentro de nueve o diez d\u00edas, ha calculado Sim\u00f3n. Es el tiempo que pasa desde que una persona se infecta, nota los primeros s\u00edntomas, es diagnosticada y recibe el resultado de la prueba, para, finalmente, pasar a formar parte de las estad\u00edsticas oficiales.<\/p>\n\n\n\n<p>De momento, la fase es ascendente. Aunque hay altibajos que responden m\u00e1s bien al ritmo de los servicios sanitarios que a la realidad de la infecci\u00f3n, la epidemia sigue creciendo en Espa\u00f1a, que ha alcanzado las 2.109 infecciones. De ellas, la mitad est\u00e1n en Madrid. Y, aunque todas las comunidades registran casos, el 78% se concentran en cuatro comunidades (Madrid, La Rioja, Pa\u00eds Vasco y Andaluc\u00eda). Ya son 47 los muertos en el pa\u00eds con la Covid-19 y se han extendido 136 altas hospitalarias.<\/p>\n\n\n\n<p>Madrid tambi\u00e9n concentra el mayor n\u00famero de casos graves. De las 126 personas que est\u00e1n ahora en las unidades de cuidados intensivos (UCI) en toda Espa\u00f1a, 102 est\u00e1n ingresadas en hospitales de esa comunidad. Esto se debe, ha explicado Sim\u00f3n, al tipo de focos de contagio (en residencias y centros de mayores, la poblaci\u00f3n de m\u00e1s riesgo) que se han registrado en Madrid, en donde han muerto 10 personas en el \u00faltimo d\u00eda (31 en total). En otras comunidades<\/p>\n\n\n\n<p>Sim\u00f3n ha explicado que hay que esperar que pasen los 14 d\u00edas de implementaci\u00f3n de medidas especiales. Pasado ese tiempo se revisar\u00e1 la situaci\u00f3n, en funci\u00f3n de c\u00f3mo hayan funcionado. No se descartan tomar adicionales, pero las autoridades quieren comprobar c\u00f3mo est\u00e1n funcionando estas. El aumento del teletrabajo y la cancelaci\u00f3n de clases, por ejemplo, ya ha mostrado un impacto positivo en el transporte, que ha reducido considerablemente las aglomeraciones en horas punta en las zonas de riesgo. \u201cSi constatamos que esto es suficiente, no habr\u00e1 que restringir los transportes\u201d, ha explicado Sim\u00f3n, que descarta que est\u00e9 sobre la mesa por el momento tomar medidas m\u00e1s contundente, como el aislamiento de Madrid. \u201cHay que tomar decisiones que son factibles y \u00fatiles en cada momento\u201d, ha aclarado.<\/p>\n\n\n\n<h3 class=\"wp-block-heading\">Medidas contra el coronavirus en toda Espa\u00f1a<\/h3>\n\n\n\n<ul class=\"wp-block-list\"><li>Las competiciones deportivas de gran afluencia se jugar\u00e1n dos semanas a puerta cerrada.<\/li><li>Cancelaci\u00f3n de los viajes del Imserso durante un mes.<\/li><li>Recomendaci\u00f3n de no viajar a no ser que sea imprescindible.<\/li><li>Supresi\u00f3n de todos los vuelos con Italia durante 14 d\u00edas.<\/li><li>Los eventos de afluencia masiva de personas ser\u00e1n valorados caso por caso.<\/li><li>Recomendaci\u00f3n a las personas mayores que padecen con patolog\u00edas cr\u00f3nicas que limiten las salidas de su hogar o residencia. En cualquier caso, se recomienda evitar lugares concurridos en los que no es posible mantener la distancia de seguridad interpersonal de al menos un metro.<\/li><li>Compra centralizada de todo tipo de productos sanitarios para evitar desabastecimiento.<\/li><\/ul>\n\n\n\n<h3 class=\"wp-block-heading\">Medidas en Madrid, La Rioja, Vitoria y Labastida<\/h3>\n\n\n\n<ul class=\"wp-block-list\"><li>Prohibici\u00f3n de celebrar eventos de m\u00e1s de 1.000 personas.<\/li><li>En los de menos de 1.000 personas a puerta cerrada solo se podr\u00e1 vender un tercio del aforo.<\/li><li>Suspensi\u00f3n de toda actividad lectiva de los cero a\u00f1os a la universidad y actividades extraescolares complementarias.<\/li><li>Recomendaci\u00f3n de teletrabajo en los casos que sea posible, flexibilizaci\u00f3n de horarios.<\/li><li>El Ayuntamiento de Madrid ha ordenado el cierre del 11 al 26 de marzo de todos los teatros centros culturales, polideportivos y bibliotecas municipales.<\/li><\/ul>\n\n\n\n<p><\/p>\n\n\n\n<p><\/p>\n","protected":false},"excerpt":{"rendered":"<p>Sanidad prev\u00e9 que la epidemia, que suma m\u00e1s de 2.100 infecciones, dure entre dos y cinco meses. En un escenario ideal, si todas las medidas para controlar el coronavirus salen a la perfecci\u00f3n, Sanidad calcula que\u00a0la epidemia de Covid-19\u00a0podr\u00eda terminar en Espa\u00f1a en dos meses. Pero este panorama es tan id\u00edlico que los expertos lo [&hellip;]<\/p>\n","protected":false},"author":4,"featured_media":69534,"comment_status":"open","ping_status":"open","sticky":false,"template":"","format":"standard","meta":{"footnotes":""},"categories":[85,45],"tags":[],"class_list":["post-69533","post","type-post","status-publish","format-standard","has-post-thumbnail","hentry","category-espana","category-salud"],"_links":{"self":[{"href":"https:\/\/2horizontes.com\/index.php?rest_route=\/wp\/v2\/posts\/69533","targetHints":{"allow":["GET"]}}],"collection":[{"href":"https:\/\/2horizontes.com\/index.php?rest_route=\/wp\/v2\/posts"}],"about":[{"href":"https:\/\/2horizontes.com\/index.php?rest_route=\/wp\/v2\/types\/post"}],"author":[{"embeddable":true,"href":"https:\/\/2horizontes.com\/index.php?rest_route=\/wp\/v2\/users\/4"}],"replies":[{"embeddable":true,"href":"https:\/\/2horizontes.com\/index.php?rest_route=%2Fwp%2Fv2%2Fcomments&post=69533"}],"version-history":[{"count":1,"href":"https:\/\/2horizontes.com\/index.php?rest_route=\/wp\/v2\/posts\/69533\/revisions"}],"predecessor-version":[{"id":69535,"href":"https:\/\/2horizontes.com\/index.php?rest_route=\/wp\/v2\/posts\/69533\/revisions\/69535"}],"wp:featuredmedia":[{"embeddable":true,"href":"https:\/\/2horizontes.com\/index.php?rest_route=\/wp\/v2\/media\/69534"}],"wp:attachment":[{"href":"https:\/\/2horizontes.com\/index.php?rest_route=%2Fwp%2Fv2%2Fmedia&parent=69533"}],"wp:term":[{"taxonomy":"category","embeddable":true,"href":"https:\/\/2horizontes.com\/index.php?rest_route=%2Fwp%2Fv2%2Fcategories&post=69533"},{"taxonomy":"post_tag","embeddable":true,"href":"https:\/\/2horizontes.com\/index.php?rest_route=%2Fwp%2Fv2%2Ftags&post=69533"}],"curies":[{"name":"wp","href":"https:\/\/api.w.org\/{rel}","templated":true}]}}