{"id":69508,"date":"2020-03-11T12:22:46","date_gmt":"2020-03-11T11:22:46","guid":{"rendered":"http:\/\/2horizontes.com\/?p=69508"},"modified":"2020-03-11T12:22:52","modified_gmt":"2020-03-11T11:22:52","slug":"con-manifestacion-exigen-libertad-de-una-dominicana-apresada-por-inmigracion","status":"publish","type":"post","link":"https:\/\/2horizontes.com\/?p=69508","title":{"rendered":"Con manifestaci\u00f3n exigen libertad de una dominicana apresada por Inmigraci\u00f3n"},"content":{"rendered":"\n<p>NUEVA YORK.- Familiares, l\u00edderes comunitarios y representantes de organizaciones defensoras de inmigrantes exigieron al Gobierno federal que libere a la dominicana Mar\u00eda de los \u00c1ngeles Sanz Pimental, arrestada por agentes de Inmigraci\u00f3n.<\/p>\n\n\n\n<p>El incidente fue captado en un video grabado por Piedad Peralta, compa\u00f1era de trabajo de la arrestada, en el que se puede apreciar a los agentes de Inmigraci\u00f3n rociando con gas pimienta a Mar\u00eda de los \u00c1ngeles, cuando estaba sometida en el suelo.<\/p>\n\n\n\n<p>\u201cMi hermana es madre y padre para sus hijos. Los vecinos nos est\u00e1n apoyando porque nos conocen como una familia trabajadora. Ella no puede ser mejor hermana e hija, la familia espera que las autoridades tengan en cuenta todo el sacrificio que hace por salir adelante, antes de tomar una decisi\u00f3n\u201d, dijo Yeiny Sanz, hermana de Mar\u00eda de los \u00c1ngeles.<\/p>\n\n\n\n\n\n<p>Explic\u00f3 que \u201cesta situaci\u00f3n no se la deseo a nadie, es terrible y frustrante. No siquiera hemos podido verla, s\u00f3lo la hemos contactado por tel\u00e9fono. Nunca nos imaginamos que, en Nueva York, nos pudiera pasar algo semejante, mi madre no ha cesado de llorar\u201d.<\/p>\n\n\n\n<p>\u201cElla est\u00e1 angustiada por toda la situaci\u00f3n con sus hijos y confundida por la violencia f\u00edsica que se ejerci\u00f3 contra ella, y que se est\u00e1 ejerciendo contra nuestra comunidad inmigrante\u201d, dijo Arias.<\/p>\n\n\n\n<p>La manifestaci\u00f3n se realiz\u00f3 frente al restaurante \u2018La caba\u00f1a\u2019, en el 1062 de la avenida Flatbush, de Brooklyn.\u00a1Comparte esta noticia!<\/p>\n","protected":false},"excerpt":{"rendered":"<p>NUEVA YORK.- Familiares, l\u00edderes comunitarios y representantes de organizaciones defensoras de inmigrantes exigieron al Gobierno federal que libere a la dominicana Mar\u00eda de los \u00c1ngeles Sanz Pimental, arrestada por agentes de Inmigraci\u00f3n. El incidente fue captado en un video grabado por Piedad Peralta, compa\u00f1era de trabajo de la arrestada, en el que se puede apreciar [&hellip;]<\/p>\n","protected":false},"author":1,"featured_media":69509,"comment_status":"open","ping_status":"open","sticky":false,"template":"","format":"standard","meta":{"footnotes":""},"categories":[54,40],"tags":[],"class_list":["post-69508","post","type-post","status-publish","format-standard","has-post-thumbnail","hentry","category-emigrantes","category-internacionales"],"_links":{"self":[{"href":"https:\/\/2horizontes.com\/index.php?rest_route=\/wp\/v2\/posts\/69508","targetHints":{"allow":["GET"]}}],"collection":[{"href":"https:\/\/2horizontes.com\/index.php?rest_route=\/wp\/v2\/posts"}],"about":[{"href":"https:\/\/2horizontes.com\/index.php?rest_route=\/wp\/v2\/types\/post"}],"author":[{"embeddable":true,"href":"https:\/\/2horizontes.com\/index.php?rest_route=\/wp\/v2\/users\/1"}],"replies":[{"embeddable":true,"href":"https:\/\/2horizontes.com\/index.php?rest_route=%2Fwp%2Fv2%2Fcomments&post=69508"}],"version-history":[{"count":1,"href":"https:\/\/2horizontes.com\/index.php?rest_route=\/wp\/v2\/posts\/69508\/revisions"}],"predecessor-version":[{"id":69510,"href":"https:\/\/2horizontes.com\/index.php?rest_route=\/wp\/v2\/posts\/69508\/revisions\/69510"}],"wp:featuredmedia":[{"embeddable":true,"href":"https:\/\/2horizontes.com\/index.php?rest_route=\/wp\/v2\/media\/69509"}],"wp:attachment":[{"href":"https:\/\/2horizontes.com\/index.php?rest_route=%2Fwp%2Fv2%2Fmedia&parent=69508"}],"wp:term":[{"taxonomy":"category","embeddable":true,"href":"https:\/\/2horizontes.com\/index.php?rest_route=%2Fwp%2Fv2%2Fcategories&post=69508"},{"taxonomy":"post_tag","embeddable":true,"href":"https:\/\/2horizontes.com\/index.php?rest_route=%2Fwp%2Fv2%2Ftags&post=69508"}],"curies":[{"name":"wp","href":"https:\/\/api.w.org\/{rel}","templated":true}]}}