{"id":69485,"date":"2020-02-19T14:24:41","date_gmt":"2020-02-19T13:24:41","guid":{"rendered":"http:\/\/2horizontes.com\/?p=69485"},"modified":"2020-02-19T14:25:34","modified_gmt":"2020-02-19T13:25:34","slug":"internan-con-golpes-y-hematomas-tecnico-acusan-sabotear-municipales","status":"publish","type":"post","link":"https:\/\/2horizontes.com\/?p=69485","title":{"rendered":"Internan con golpes y hematomas t\u00e9cnico acusan sabotear municipales"},"content":{"rendered":"\n<ul class=\"wp-block-list\"><li>&nbsp;2020<\/li><li><strong>Comparte:<\/strong>&nbsp;&nbsp;&nbsp;&nbsp;&nbsp;<\/li><\/ul>\n\n\n\n<figure><iframe loading=\"lazy\" width=\"500\" height=\"281\" src=\"https:\/\/www.youtube.com\/embed\/XDfIJvTM6xo?feature=oembed\" allowfullscreen=\"\"><\/iframe><\/figure>\n\n\n\n<p>SANTO DOMINGO.- Fue ingresado en el&nbsp;Centro M\u00e9dico Moderno con&nbsp;hematomas en una pierna y un brazo el&nbsp;t\u00e9cnico de Claro arrestado el lunes junto al coronel de la Polic\u00eda&nbsp;Ram\u00f3n Antonio Guzm\u00e1n Peralta por supuestos v\u00ednculos con el \u201csabotaje\u201d que provoc\u00f3 la suspensi\u00f3n de las elecciones municipales del pasado domingo.<\/p>\n\n\n\n<p>Natalia de los Santos, esposa del t\u00e9cnico&nbsp;Manuel Antonio Regalado y quien suminisitr\u00f3 la informaci\u00f3n, dijo que no sab\u00eda qui\u00e9n hab\u00eda provocado los hematomas y pidi\u00f3 a las autoridades que protejan la vida de su pareja.<\/p>\n\n\n\n\n\n<p>Asegur\u00f3 que su esposo es inocente y que \u201cno tiene nada que ver con eso. Eso no es real\u201d.<\/p>\n\n\n\n<p>Inform\u00f3 que su esposo debe presentarse ante un juez a las 10:00 de la ma\u00f1ana de este mi\u00e9rcoles.<\/p>\n\n\n\n<p>Regalado es investigado por supuestamente haber dado informaci\u00f3n a un coronel asignado a la seguridad del candidato presidencial del Partido Revolucionario Moderno, Luis Abinader, sobre una presunta trama para vulnerar el sistema del voto automatizado de la Junta Central Electoral.<\/p>\n\n\n\n<p>Entrevistado en la sala de Emergencias, Regalado dijo que su \u00fanico pecado es ser buen ciudadano.<\/p>\n","protected":false},"excerpt":{"rendered":"<p>&nbsp;2020 Comparte:&nbsp;&nbsp;&nbsp;&nbsp;&nbsp; SANTO DOMINGO.- Fue ingresado en el&nbsp;Centro M\u00e9dico Moderno con&nbsp;hematomas en una pierna y un brazo el&nbsp;t\u00e9cnico de Claro arrestado el lunes junto al coronel de la Polic\u00eda&nbsp;Ram\u00f3n Antonio Guzm\u00e1n Peralta por supuestos v\u00ednculos con el \u201csabotaje\u201d que provoc\u00f3 la suspensi\u00f3n de las elecciones municipales del pasado domingo. Natalia de los Santos, esposa del [&hellip;]<\/p>\n","protected":false},"author":4,"featured_media":69486,"comment_status":"open","ping_status":"open","sticky":false,"template":"","format":"standard","meta":{"footnotes":""},"categories":[43,44],"tags":[],"class_list":["post-69485","post","type-post","status-publish","format-standard","has-post-thumbnail","hentry","category-politica","category-republica-dominicana"],"_links":{"self":[{"href":"https:\/\/2horizontes.com\/index.php?rest_route=\/wp\/v2\/posts\/69485","targetHints":{"allow":["GET"]}}],"collection":[{"href":"https:\/\/2horizontes.com\/index.php?rest_route=\/wp\/v2\/posts"}],"about":[{"href":"https:\/\/2horizontes.com\/index.php?rest_route=\/wp\/v2\/types\/post"}],"author":[{"embeddable":true,"href":"https:\/\/2horizontes.com\/index.php?rest_route=\/wp\/v2\/users\/4"}],"replies":[{"embeddable":true,"href":"https:\/\/2horizontes.com\/index.php?rest_route=%2Fwp%2Fv2%2Fcomments&post=69485"}],"version-history":[{"count":1,"href":"https:\/\/2horizontes.com\/index.php?rest_route=\/wp\/v2\/posts\/69485\/revisions"}],"predecessor-version":[{"id":69487,"href":"https:\/\/2horizontes.com\/index.php?rest_route=\/wp\/v2\/posts\/69485\/revisions\/69487"}],"wp:featuredmedia":[{"embeddable":true,"href":"https:\/\/2horizontes.com\/index.php?rest_route=\/wp\/v2\/media\/69486"}],"wp:attachment":[{"href":"https:\/\/2horizontes.com\/index.php?rest_route=%2Fwp%2Fv2%2Fmedia&parent=69485"}],"wp:term":[{"taxonomy":"category","embeddable":true,"href":"https:\/\/2horizontes.com\/index.php?rest_route=%2Fwp%2Fv2%2Fcategories&post=69485"},{"taxonomy":"post_tag","embeddable":true,"href":"https:\/\/2horizontes.com\/index.php?rest_route=%2Fwp%2Fv2%2Ftags&post=69485"}],"curies":[{"name":"wp","href":"https:\/\/api.w.org\/{rel}","templated":true}]}}