{"id":69470,"date":"2020-02-18T16:22:11","date_gmt":"2020-02-18T15:22:11","guid":{"rendered":"http:\/\/2horizontes.com\/?p=69470"},"modified":"2020-02-18T16:22:15","modified_gmt":"2020-02-18T15:22:15","slug":"apresan-dominicana-intentaba-viajar-a-espana-con-8-18-kilos-de-cocaina","status":"publish","type":"post","link":"https:\/\/2horizontes.com\/?p=69470","title":{"rendered":"Apresan dominicana  intentaba viajar a Espa\u00f1a con 8.18 kilos de coca\u00edna"},"content":{"rendered":"\n<p> Los paquetes de la droga estaban envueltos en franelas de color blanco y envasado al vac\u00edo en fundas transparentes <\/p>\n\n\n\n<p>La Direcci\u00f3n Nacional de Control de Drogas (DNCD) inform\u00f3 este lunes que&nbsp;<strong>decomis\u00f3 ocho paquetes de coca\u00edna, con un peso aproximado de 8.18 kilogramos dentro del equipaje de una pasajera,<\/strong>&nbsp;en el Aeropuerto Internacional de las Am\u00e9ricas, Jos\u00e9 Francisco Pe\u00f1a G\u00f3mez Aila.<\/p>\n\n\n\n<figure class=\"wp-block-image size-large is-resized\"><img loading=\"lazy\" decoding=\"async\" src=\"http:\/\/2horizontes.com\/wp-content\/uploads\/2020\/02\/drogra-cortada_13256147_20200217165927-510x327.jpg\" alt=\"\" class=\"wp-image-69471\" width=\"271\" height=\"174\" srcset=\"https:\/\/2horizontes.com\/wp-content\/uploads\/2020\/02\/drogra-cortada_13256147_20200217165927-510x327.jpg 510w, https:\/\/2horizontes.com\/wp-content\/uploads\/2020\/02\/drogra-cortada_13256147_20200217165927-300x192.jpg 300w, https:\/\/2horizontes.com\/wp-content\/uploads\/2020\/02\/drogra-cortada_13256147_20200217165927.jpg 546w\" sizes=\"auto, (max-width: 271px) 100vw, 271px\" \/><\/figure>\n\n\n\n<p>Seg\u00fan un comunicado de prensa, la mujer, de nacionalidad dominicana, fue apresada por los agentes antinarc\u00f3ticos, bajo la coordinaci\u00f3n del Ministerio P\u00fablico, cuando se dispon\u00eda a\u00a0<strong>viajar a la ciudad de Madrid, Espa\u00f1a.<\/strong><\/p>\n\n\n\n<p><strong>.<\/strong><\/p>\n\n\n\n<p>Maleta en que fue hallada la droga, cuando la mujer se dispon\u00eda a viajar a Espa\u00f1a desde el aeropuerto AILA.&nbsp;(&nbsp;FUENTE EXTERNA&nbsp;)<\/p>\n\n\n\n<p>Los paquetes de la droga estaban envueltos en franelas de color blanco y envasado al vac\u00edo en fundas transparentes.<\/p>\n\n\n\n\n\n<p>A la mujer le fueron ocupados, adem\u00e1s, un celular marca Samsung, una mochila de color verde, amarillo, marr\u00f3n y negro, conteniendo varias prendas de vestir, una cartera tipo monedero color negro y sus documentos de identidad.<\/p>\n","protected":false},"excerpt":{"rendered":"<p>Los paquetes de la droga estaban envueltos en franelas de color blanco y envasado al vac\u00edo en fundas transparentes La Direcci\u00f3n Nacional de Control de Drogas (DNCD) inform\u00f3 este lunes que&nbsp;decomis\u00f3 ocho paquetes de coca\u00edna, con un peso aproximado de 8.18 kilogramos dentro del equipaje de una pasajera,&nbsp;en el Aeropuerto Internacional de las Am\u00e9ricas, Jos\u00e9 [&hellip;]<\/p>\n","protected":false},"author":4,"featured_media":69472,"comment_status":"open","ping_status":"open","sticky":false,"template":"","format":"standard","meta":{"footnotes":""},"categories":[85,44],"tags":[],"class_list":["post-69470","post","type-post","status-publish","format-standard","has-post-thumbnail","hentry","category-espana","category-republica-dominicana"],"_links":{"self":[{"href":"https:\/\/2horizontes.com\/index.php?rest_route=\/wp\/v2\/posts\/69470","targetHints":{"allow":["GET"]}}],"collection":[{"href":"https:\/\/2horizontes.com\/index.php?rest_route=\/wp\/v2\/posts"}],"about":[{"href":"https:\/\/2horizontes.com\/index.php?rest_route=\/wp\/v2\/types\/post"}],"author":[{"embeddable":true,"href":"https:\/\/2horizontes.com\/index.php?rest_route=\/wp\/v2\/users\/4"}],"replies":[{"embeddable":true,"href":"https:\/\/2horizontes.com\/index.php?rest_route=%2Fwp%2Fv2%2Fcomments&post=69470"}],"version-history":[{"count":1,"href":"https:\/\/2horizontes.com\/index.php?rest_route=\/wp\/v2\/posts\/69470\/revisions"}],"predecessor-version":[{"id":69473,"href":"https:\/\/2horizontes.com\/index.php?rest_route=\/wp\/v2\/posts\/69470\/revisions\/69473"}],"wp:featuredmedia":[{"embeddable":true,"href":"https:\/\/2horizontes.com\/index.php?rest_route=\/wp\/v2\/media\/69472"}],"wp:attachment":[{"href":"https:\/\/2horizontes.com\/index.php?rest_route=%2Fwp%2Fv2%2Fmedia&parent=69470"}],"wp:term":[{"taxonomy":"category","embeddable":true,"href":"https:\/\/2horizontes.com\/index.php?rest_route=%2Fwp%2Fv2%2Fcategories&post=69470"},{"taxonomy":"post_tag","embeddable":true,"href":"https:\/\/2horizontes.com\/index.php?rest_route=%2Fwp%2Fv2%2Ftags&post=69470"}],"curies":[{"name":"wp","href":"https:\/\/api.w.org\/{rel}","templated":true}]}}