{"id":69467,"date":"2020-02-18T16:06:52","date_gmt":"2020-02-18T15:06:52","guid":{"rendered":"http:\/\/2horizontes.com\/?p=69467"},"modified":"2020-02-18T16:06:55","modified_gmt":"2020-02-18T15:06:55","slug":"muere-un-hombre-en-su-domicilio-de-un-infarto-y-su-hija-fallece-al-sufrir-tambien-un-paro-cardiaco-al-verlo","status":"publish","type":"post","link":"https:\/\/2horizontes.com\/?p=69467","title":{"rendered":"Muere un hombre en su domicilio de un infarto y su hija fallece al sufrir tambi\u00e9n un paro cardiaco al verlo"},"content":{"rendered":"\n<p>Una familia ha sufrido la noche de este lunes&nbsp;<strong>dos muertes&nbsp;<\/strong>entre sus miembros. Un hombre ha&nbsp;<strong>fallecido aparentemente por un infarto&nbsp;<\/strong>en su domicilio de Motril y su hija ha muerto despu\u00e9s de un ataque card\u00edaco por el impacto de ver el suceso.<\/p>\n\n\n\n<p>Seg\u00fan el diario\u00a0<em>Ideal<\/em>\u00a0\u00a0y ha confirmado fuentes de 112 Andaluc\u00eda a\u00a0<em><strong>20minutos, l<\/strong><\/em>os hechos han ocurrido en el barrio de las cruces de la localidad granadina, sobre las 22.40. El\u00a0<strong>hombre, de 85 a\u00f1os<\/strong>, se ha comenzado a sentir mal en su casa, y su mujer ha llamado tanto a los\u00a0<strong>servicios de emergencias como a su hija<\/strong>. Sin embargo, el hombre ha\u00a0<strong>muerto antes de poder recibir\u00a0<\/strong>cualquier asistencia m\u00e9dica.\u00a0<\/p>\n\n\n\n<p>La hija del matrimonio se ha presentado minutos despu\u00e9s, acudiendo al llamado de su madre. La&nbsp;<strong>mujer, de 54 a\u00f1os<\/strong>, ten\u00eda problemas de asma, seg\u00fan el diario.<\/p>\n\n\n\n\n\n<p>Al ver muerto a su padre, la hija ha tenido una fuerte impresi\u00f3n y ha sufrido una crisis que ha&nbsp;<strong>derivado en un paro cardiaco.&nbsp;<\/strong>Los equipos m\u00e9dicos, que en ese momento llegaron al domicilio, trataron de reanimarla durante 45 minutos sin \u00e9xito.&nbsp;&nbsp;<\/p>\n\n\n\n<p>En el domicilio tambi\u00e9n se presentaron miembros de Polic\u00eda Local y Nacional, que acudieron al protocolo activado por Emergencias 112.<\/p>\n","protected":false},"excerpt":{"rendered":"<p>Una familia ha sufrido la noche de este lunes&nbsp;dos muertes&nbsp;entre sus miembros. Un hombre ha&nbsp;fallecido aparentemente por un infarto&nbsp;en su domicilio de Motril y su hija ha muerto despu\u00e9s de un ataque card\u00edaco por el impacto de ver el suceso. Seg\u00fan el diario\u00a0Ideal\u00a0\u00a0y ha confirmado fuentes de 112 Andaluc\u00eda a\u00a020minutos, los hechos han ocurrido en [&hellip;]<\/p>\n","protected":false},"author":4,"featured_media":69468,"comment_status":"open","ping_status":"open","sticky":false,"template":"","format":"standard","meta":{"footnotes":""},"categories":[85],"tags":[],"class_list":["post-69467","post","type-post","status-publish","format-standard","has-post-thumbnail","hentry","category-espana"],"_links":{"self":[{"href":"https:\/\/2horizontes.com\/index.php?rest_route=\/wp\/v2\/posts\/69467","targetHints":{"allow":["GET"]}}],"collection":[{"href":"https:\/\/2horizontes.com\/index.php?rest_route=\/wp\/v2\/posts"}],"about":[{"href":"https:\/\/2horizontes.com\/index.php?rest_route=\/wp\/v2\/types\/post"}],"author":[{"embeddable":true,"href":"https:\/\/2horizontes.com\/index.php?rest_route=\/wp\/v2\/users\/4"}],"replies":[{"embeddable":true,"href":"https:\/\/2horizontes.com\/index.php?rest_route=%2Fwp%2Fv2%2Fcomments&post=69467"}],"version-history":[{"count":1,"href":"https:\/\/2horizontes.com\/index.php?rest_route=\/wp\/v2\/posts\/69467\/revisions"}],"predecessor-version":[{"id":69469,"href":"https:\/\/2horizontes.com\/index.php?rest_route=\/wp\/v2\/posts\/69467\/revisions\/69469"}],"wp:featuredmedia":[{"embeddable":true,"href":"https:\/\/2horizontes.com\/index.php?rest_route=\/wp\/v2\/media\/69468"}],"wp:attachment":[{"href":"https:\/\/2horizontes.com\/index.php?rest_route=%2Fwp%2Fv2%2Fmedia&parent=69467"}],"wp:term":[{"taxonomy":"category","embeddable":true,"href":"https:\/\/2horizontes.com\/index.php?rest_route=%2Fwp%2Fv2%2Fcategories&post=69467"},{"taxonomy":"post_tag","embeddable":true,"href":"https:\/\/2horizontes.com\/index.php?rest_route=%2Fwp%2Fv2%2Ftags&post=69467"}],"curies":[{"name":"wp","href":"https:\/\/api.w.org\/{rel}","templated":true}]}}