{"id":6946,"date":"2015-05-14T04:44:11","date_gmt":"2015-05-14T03:44:11","guid":{"rendered":"http:\/\/2horizontes.com\/?p=6946"},"modified":"2015-05-14T14:55:44","modified_gmt":"2015-05-14T13:55:44","slug":"hipolito-mejia-insiste-rd-y-haiti-deben-tener-unas-relaciones-respetuasa","status":"publish","type":"post","link":"https:\/\/2horizontes.com\/?p=6946","title":{"rendered":"Hipolito Mejia insiste RD y Haiti deben tener unas relaciones respetuasa"},"content":{"rendered":"<p>&nbsp;<\/p>\n<p>Santo Domingo, 13 may (EFE).- El expresidente Hip\u00f3lito Mej\u00eda insisti\u00f3 en que la Rep\u00fablica Dominicana y Hait\u00ed deben tener relaciones \u201crespetuosas\u201d y \u201ctransparentes\u201d.<\/p>\n<p>En declaraciones a periodistas mientras participaba en la reuni\u00f3n de la Direcci\u00f3n Ejecutiva del Partido Revolucionario Moderno (PRM), Mej\u00eda consider\u00f3 que el Gobierno debe continuar en su empe\u00f1o de establecer relaciones diplom\u00e1ticas \u201cclaras\u201d y \u201crespetuosas\u201d entre Hait\u00ed y la Rep\u00fablica Dominicana.<\/p>\n<p>El exjefe de Estado dijo que esta es la \u00fanica forma de reducir los inconvenientes que se presentan con la vecina naci\u00f3n.<\/p>\n<p>Con relaci\u00f3n a una eventual extensi\u00f3n del plan de regularizaci\u00f3n de extranjeros cuyo plazo concluye el 17 de junio pr\u00f3ximo, Mej\u00eda apunt\u00f3 que debe ser fruto de una evaluaci\u00f3n del Gobierno dominicano, quien es responsable de decidir si lo prorroga o no.<\/p>\n<p>Por otro lado, Mej\u00eda se mostr\u00f3 de acuerdo en que el Estado asigne fondos para la ampliaci\u00f3n del Centro de Estudio de Medicina Avanzada (Cedimat) por considerar que este cumple una funci\u00f3n importante en el sistema de salud de la Rep\u00fablica Dominicana.<\/p>\n<p>Mej\u00eda defendi\u00f3 \u201cla pulcritud y transparencia\u201d de Cedimat, por el patronato que lo dirige.EFE<\/p>\n","protected":false},"excerpt":{"rendered":"<p>&nbsp; Santo Domingo, 13 may (EFE).- El expresidente Hip\u00f3lito Mej\u00eda insisti\u00f3 en que la Rep\u00fablica Dominicana y Hait\u00ed deben tener relaciones \u201crespetuosas\u201d y \u201ctransparentes\u201d. En declaraciones a periodistas mientras participaba en la reuni\u00f3n de la Direcci\u00f3n Ejecutiva del Partido Revolucionario Moderno (PRM), Mej\u00eda consider\u00f3 que el Gobierno debe continuar en su empe\u00f1o de establecer relaciones [&hellip;]<\/p>\n","protected":false},"author":8,"featured_media":6947,"comment_status":"open","ping_status":"open","sticky":false,"template":"","format":"standard","meta":{"footnotes":""},"categories":[47,43,44],"tags":[],"class_list":["post-6946","post","type-post","status-publish","format-standard","has-post-thumbnail","hentry","category-haiti","category-politica","category-republica-dominicana"],"_links":{"self":[{"href":"https:\/\/2horizontes.com\/index.php?rest_route=\/wp\/v2\/posts\/6946","targetHints":{"allow":["GET"]}}],"collection":[{"href":"https:\/\/2horizontes.com\/index.php?rest_route=\/wp\/v2\/posts"}],"about":[{"href":"https:\/\/2horizontes.com\/index.php?rest_route=\/wp\/v2\/types\/post"}],"author":[{"embeddable":true,"href":"https:\/\/2horizontes.com\/index.php?rest_route=\/wp\/v2\/users\/8"}],"replies":[{"embeddable":true,"href":"https:\/\/2horizontes.com\/index.php?rest_route=%2Fwp%2Fv2%2Fcomments&post=6946"}],"version-history":[{"count":2,"href":"https:\/\/2horizontes.com\/index.php?rest_route=\/wp\/v2\/posts\/6946\/revisions"}],"predecessor-version":[{"id":6982,"href":"https:\/\/2horizontes.com\/index.php?rest_route=\/wp\/v2\/posts\/6946\/revisions\/6982"}],"wp:featuredmedia":[{"embeddable":true,"href":"https:\/\/2horizontes.com\/index.php?rest_route=\/wp\/v2\/media\/6947"}],"wp:attachment":[{"href":"https:\/\/2horizontes.com\/index.php?rest_route=%2Fwp%2Fv2%2Fmedia&parent=6946"}],"wp:term":[{"taxonomy":"category","embeddable":true,"href":"https:\/\/2horizontes.com\/index.php?rest_route=%2Fwp%2Fv2%2Fcategories&post=6946"},{"taxonomy":"post_tag","embeddable":true,"href":"https:\/\/2horizontes.com\/index.php?rest_route=%2Fwp%2Fv2%2Ftags&post=6946"}],"curies":[{"name":"wp","href":"https:\/\/api.w.org\/{rel}","templated":true}]}}