{"id":69449,"date":"2020-02-18T00:23:33","date_gmt":"2020-02-17T23:23:33","guid":{"rendered":"http:\/\/2horizontes.com\/?p=69449"},"modified":"2020-02-18T00:23:37","modified_gmt":"2020-02-17T23:23:37","slug":"jce-anuncia-suspendidas-elecciones-municipales-seran-el-15-de-marzo","status":"publish","type":"post","link":"https:\/\/2horizontes.com\/?p=69449","title":{"rendered":"JCE anuncia suspendidas elecciones municipales ser\u00e1n el 15 de marzo"},"content":{"rendered":"\n<ul class=\"wp-block-list\"><li><strong>Por\u00a0ALI NU\u00d1EZ<\/strong>\u00a0\u00a0<\/li><\/ul>\n\n\n\n<p>SANTO DOMINGO, Rep\u00fablica Dominicana.- Las elecciones municipales suspendidas este domingo 16 de febrero ser\u00e1n realizadas el domingo 15 de marzo, inform\u00f3 la tarde de este lunes la Junta Central Electoral, luego de una reuni\u00f3n de su pleno.<\/p>\n\n\n\n<p>Ram\u00f3n Hilario Espi\u00f1eira, secretario general de la JCE,&nbsp; habl\u00f3 en rueda de prensa en presencia de los miembros del pleno en la que dijo que los comicios ser\u00e1n con boletas f\u00edsicas.<\/p>\n\n\n\n<p>La JCE anunci\u00f3 este domingo la suspensi\u00f3n de las elecciones municipales, a las que estaban convocados casi 7,5 millones de electores, tras m\u00faltiples problemas t\u00e9cnicos con el voto automatizado, que se utilizaba por primera vez, aunque de manera parcial.<\/p>\n\n\n\n\n\n<p>El anuncio de la suspensi\u00f3n, cerca de cuatro horas despu\u00e9s del inicio de la jornada electoral, gener\u00f3 acusaciones cruzadas entre el oficialismo y la oposici\u00f3n, y fuertes cr\u00edticas contra la JCE.<\/p>\n\n\n\n<p>Para esta convocatoria, los dominicanos volver\u00e1n a las urnas para elegir&nbsp;alcaldes, vicealcaldes, regidores, directores y vocales de 158 municipios y 235 distritos municipales de las 32 provincias.<\/p>\n\n\n\n<p>3849 personas est\u00e1n aspirando en esta contienda, 158 ser\u00e1n elegidos como alcaldes y vicealcaldes. 1164 regidores y suplentes. 235 directores y 735 vocales.<\/p>\n\n\n\n<p>En total ser\u00e1n 16,032 los colegios electorales que funcionar\u00e1n durante esta contienda ordinaria y estar\u00e1n ubicados en 4,169 recintos a nivel nacional.<\/p>\n\n\n\n<p>an\/am<\/p>\n","protected":false},"excerpt":{"rendered":"<p>Por\u00a0ALI NU\u00d1EZ\u00a0\u00a0 SANTO DOMINGO, Rep\u00fablica Dominicana.- Las elecciones municipales suspendidas este domingo 16 de febrero ser\u00e1n realizadas el domingo 15 de marzo, inform\u00f3 la tarde de este lunes la Junta Central Electoral, luego de una reuni\u00f3n de su pleno. Ram\u00f3n Hilario Espi\u00f1eira, secretario general de la JCE,&nbsp; habl\u00f3 en rueda de prensa en presencia de [&hellip;]<\/p>\n","protected":false},"author":4,"featured_media":69450,"comment_status":"open","ping_status":"open","sticky":false,"template":"","format":"standard","meta":{"footnotes":""},"categories":[43,44],"tags":[],"class_list":["post-69449","post","type-post","status-publish","format-standard","has-post-thumbnail","hentry","category-politica","category-republica-dominicana"],"_links":{"self":[{"href":"https:\/\/2horizontes.com\/index.php?rest_route=\/wp\/v2\/posts\/69449","targetHints":{"allow":["GET"]}}],"collection":[{"href":"https:\/\/2horizontes.com\/index.php?rest_route=\/wp\/v2\/posts"}],"about":[{"href":"https:\/\/2horizontes.com\/index.php?rest_route=\/wp\/v2\/types\/post"}],"author":[{"embeddable":true,"href":"https:\/\/2horizontes.com\/index.php?rest_route=\/wp\/v2\/users\/4"}],"replies":[{"embeddable":true,"href":"https:\/\/2horizontes.com\/index.php?rest_route=%2Fwp%2Fv2%2Fcomments&post=69449"}],"version-history":[{"count":1,"href":"https:\/\/2horizontes.com\/index.php?rest_route=\/wp\/v2\/posts\/69449\/revisions"}],"predecessor-version":[{"id":69451,"href":"https:\/\/2horizontes.com\/index.php?rest_route=\/wp\/v2\/posts\/69449\/revisions\/69451"}],"wp:featuredmedia":[{"embeddable":true,"href":"https:\/\/2horizontes.com\/index.php?rest_route=\/wp\/v2\/media\/69450"}],"wp:attachment":[{"href":"https:\/\/2horizontes.com\/index.php?rest_route=%2Fwp%2Fv2%2Fmedia&parent=69449"}],"wp:term":[{"taxonomy":"category","embeddable":true,"href":"https:\/\/2horizontes.com\/index.php?rest_route=%2Fwp%2Fv2%2Fcategories&post=69449"},{"taxonomy":"post_tag","embeddable":true,"href":"https:\/\/2horizontes.com\/index.php?rest_route=%2Fwp%2Fv2%2Ftags&post=69449"}],"curies":[{"name":"wp","href":"https:\/\/api.w.org\/{rel}","templated":true}]}}