{"id":69446,"date":"2020-02-18T00:14:45","date_gmt":"2020-02-17T23:14:45","guid":{"rendered":"http:\/\/2horizontes.com\/?p=69446"},"modified":"2020-02-18T00:14:48","modified_gmt":"2020-02-17T23:14:48","slug":"conferencia-episcopado-suspension-elecciones-empana-democracia-rd","status":"publish","type":"post","link":"https:\/\/2horizontes.com\/?p=69446","title":{"rendered":"Conferencia Episcopado: Suspensi\u00f3n elecciones empa\u00f1a democracia RD"},"content":{"rendered":"\n<p>SANTO DOMINGO, Rep\u00fablica Dominicana.-&nbsp;La Conferencia del Episcopado Dominicano consider\u00f3 este lunes que la suspensi\u00f3n de las elecciones \u201cempa\u00f1a la larga tradici\u00f3n democr\u00e1tica\u201d del pa\u00eds y consider\u00f3 que este momento es&nbsp; oportuno para que los l\u00edderes pol\u00edticos depongan intereses particulares y se muestren a la altura que la situaci\u00f3n requiere.<\/p>\n\n\n\n<p>\u201cEs tiempo de deponer intereses particulares y dar preeminencia a los genuinos intereses de la patria\u201d, dijo la entidad, que agrupa a los obispos cat\u00f3licos de todo el pa\u00eds.<\/p>\n\n\n\n<p>Expres\u00f3 profunda satisfacci\u00f3n por el comportamiento c\u00edvico de los dominicanos este domingo e invit\u00f3 al pueblo cristiano a \u201corar con nosotros por un clima de paz, desarrollo y armon\u00eda social y as\u00ed lograr la consolidaci\u00f3n de nuestras instituciones democr\u00e1ticas\u201d.<\/p>\n\n\n\n\n\n<p>Lament\u00f3 que la \u201cconducta ejemplar\u201d de la poblaci\u00f3n \u201cse viera frustrada\u201d por los hechos que provocaron la suspensi\u00f3n de los comicios municipales.<\/p>\n\n\n\n<p>El texto de la declaraci\u00f3n de la Conferencia del Episcopado es el siguiente:<\/p>\n\n\n\n<p><strong>\u201cCON MOTIVO DE LAS ELECCIONES MUNICIPALES DEL 16 DE FEBRERO DEL 2020<\/strong><\/p>\n\n\n\n<ul class=\"wp-block-list\"><li>La Conferencia del Episcopado Dominicano expresa su profunda satisfacci\u00f3n por el comportamiento c\u00edvico de nuestro pueblo, que desde muy temprano acudi\u00f3 a las urnas a mostrar su sentido de responsabilidad, incluso, desplaz\u00e1ndose desde lugares muy lejanos para cumplir con su deber.<\/li><li>Lamentamos que la conducta ejemplar de nuestro pueblo se viera frustrada por los lamentables hechos que provocaron la suspensi\u00f3n del proceso electoral. Es indudable que lo acontecido empa\u00f1a la larga tradici\u00f3n democr\u00e1tica de nuestro pa\u00eds.<\/li><li>Consideramos que este es momento oportuno para que tanto las autoridades competentes, como l\u00edderes pol\u00edticos, se muestren a la altura de las circunstancias. Es tiempo de deponer intereses particulares y dar preeminencia a los genuinos intereses de la patria.<\/li><li>Es urgente favorecer un clima de confianza que propicie el di\u00e1logo para la b\u00fasqueda de consenso, a fin de dar cumplimiento a lo previsto por la Constituci\u00f3n y las leyes.<\/li><li>Hacemos un llamado a nuestro pueblo y especialmente a los l\u00edderes pol\u00edticos mantener la calma y la sensatez. Exhortamos a la Junta Central Electoral clarificar en un tiempo prudente lo sucedido.<\/li><\/ul>\n","protected":false},"excerpt":{"rendered":"<p>SANTO DOMINGO, Rep\u00fablica Dominicana.-&nbsp;La Conferencia del Episcopado Dominicano consider\u00f3 este lunes que la suspensi\u00f3n de las elecciones \u201cempa\u00f1a la larga tradici\u00f3n democr\u00e1tica\u201d del pa\u00eds y consider\u00f3 que este momento es&nbsp; oportuno para que los l\u00edderes pol\u00edticos depongan intereses particulares y se muestren a la altura que la situaci\u00f3n requiere. \u201cEs tiempo de deponer intereses particulares [&hellip;]<\/p>\n","protected":false},"author":4,"featured_media":69447,"comment_status":"open","ping_status":"open","sticky":false,"template":"","format":"standard","meta":{"footnotes":""},"categories":[43,83,44],"tags":[],"class_list":["post-69446","post","type-post","status-publish","format-standard","has-post-thumbnail","hentry","category-politica","category-reportajes","category-republica-dominicana"],"_links":{"self":[{"href":"https:\/\/2horizontes.com\/index.php?rest_route=\/wp\/v2\/posts\/69446","targetHints":{"allow":["GET"]}}],"collection":[{"href":"https:\/\/2horizontes.com\/index.php?rest_route=\/wp\/v2\/posts"}],"about":[{"href":"https:\/\/2horizontes.com\/index.php?rest_route=\/wp\/v2\/types\/post"}],"author":[{"embeddable":true,"href":"https:\/\/2horizontes.com\/index.php?rest_route=\/wp\/v2\/users\/4"}],"replies":[{"embeddable":true,"href":"https:\/\/2horizontes.com\/index.php?rest_route=%2Fwp%2Fv2%2Fcomments&post=69446"}],"version-history":[{"count":1,"href":"https:\/\/2horizontes.com\/index.php?rest_route=\/wp\/v2\/posts\/69446\/revisions"}],"predecessor-version":[{"id":69448,"href":"https:\/\/2horizontes.com\/index.php?rest_route=\/wp\/v2\/posts\/69446\/revisions\/69448"}],"wp:featuredmedia":[{"embeddable":true,"href":"https:\/\/2horizontes.com\/index.php?rest_route=\/wp\/v2\/media\/69447"}],"wp:attachment":[{"href":"https:\/\/2horizontes.com\/index.php?rest_route=%2Fwp%2Fv2%2Fmedia&parent=69446"}],"wp:term":[{"taxonomy":"category","embeddable":true,"href":"https:\/\/2horizontes.com\/index.php?rest_route=%2Fwp%2Fv2%2Fcategories&post=69446"},{"taxonomy":"post_tag","embeddable":true,"href":"https:\/\/2horizontes.com\/index.php?rest_route=%2Fwp%2Fv2%2Ftags&post=69446"}],"curies":[{"name":"wp","href":"https:\/\/api.w.org\/{rel}","templated":true}]}}