{"id":69443,"date":"2020-02-13T19:36:09","date_gmt":"2020-02-13T18:36:09","guid":{"rendered":"http:\/\/2horizontes.com\/?p=69443"},"modified":"2020-02-13T19:36:11","modified_gmt":"2020-02-13T18:36:11","slug":"cierra-la-campana-politica-para-los-comicios-municipales-en-dominicana","status":"publish","type":"post","link":"https:\/\/2horizontes.com\/?p=69443","title":{"rendered":"Cierra la campa\u00f1a pol\u00edtica para los comicios municipales en Dominicana"},"content":{"rendered":"\n<p>SANTO DOMINGO (Prensa Latina).- La veda de campa\u00f1a pol\u00edtica para las elecciones municipales en Dominicana comienza a regir hoy y cesan las labores de proselitismo, manifestaciones o reuniones de car\u00e1cter p\u00fablico.<\/p>\n\n\n\n<p>Luego de esta fecha, y faltando solo tres d\u00edas para los comicios, quedan pocos plazos &nbsp;por cumplir.<\/p>\n\n\n\n<p>Ma\u00f1ana ser\u00e1n recogidos los materiales a utilizarse en los colegios electorales y tambi\u00e9n es el \u00faltimo d\u00eda para la publicaci\u00f3n de anuncios en medios impresos, radiales y televisivos.<\/p>\n\n\n\n\n\n<p>Asimismo, el Ministerio de Defensa dispuso para el viernes 14 en la ma\u00f1ana el acuartelamiento de todas sus efectivos con motivo de la celebraci\u00f3n las elecciones, cosa habitual durante los procesos electorales.<\/p>\n\n\n\n<p>Tambi\u00e9n fue anunciado para el viernes por el Ministerio de Educaci\u00f3n la suspensi\u00f3n de las actividades docentes en el pa\u00eds a partir de las 14:00, hora local, y a partir de ese momento los centros escolares pasar\u00e1n al uso exclusivo de la Junta Central Electoral (JCE).<\/p>\n\n\n\n<p>La v\u00edspera, el pleno de la JCE, encabezado por su presidente, Julio C\u00e9sar Casta\u00f1os, sostuvo un almuerzo con los integrantes del Cuerpo Diplom\u00e1tico y Consular acreditado en la Rep\u00fablica Dominicana, a los fines de ofrecer detalles del estatus de organizaci\u00f3n de los comicios.<\/p>\n\n\n\n<p>Seg\u00fan la JCE todo marcha satisfactoriamente rumbo a la jornada electoral del pr\u00f3ximo domingo donde siete millones 487 mil 040 electores distribuidos en 16 mil 032 colegios, tienen la misi\u00f3n de votar por tres mil 849 cargos electivos: 158 alcaldes, 158 vicealcaldes, mil 164 regidores, mil 164 suplentes, 235 directores, 235 subdirectores y 735 vocales.\u00a1Comparte esta noticia!<\/p>\n","protected":false},"excerpt":{"rendered":"<p>SANTO DOMINGO (Prensa Latina).- La veda de campa\u00f1a pol\u00edtica para las elecciones municipales en Dominicana comienza a regir hoy y cesan las labores de proselitismo, manifestaciones o reuniones de car\u00e1cter p\u00fablico. Luego de esta fecha, y faltando solo tres d\u00edas para los comicios, quedan pocos plazos &nbsp;por cumplir. Ma\u00f1ana ser\u00e1n recogidos los materiales a utilizarse [&hellip;]<\/p>\n","protected":false},"author":4,"featured_media":69444,"comment_status":"open","ping_status":"open","sticky":false,"template":"","format":"standard","meta":{"footnotes":""},"categories":[43,44],"tags":[],"class_list":["post-69443","post","type-post","status-publish","format-standard","has-post-thumbnail","hentry","category-politica","category-republica-dominicana"],"_links":{"self":[{"href":"https:\/\/2horizontes.com\/index.php?rest_route=\/wp\/v2\/posts\/69443","targetHints":{"allow":["GET"]}}],"collection":[{"href":"https:\/\/2horizontes.com\/index.php?rest_route=\/wp\/v2\/posts"}],"about":[{"href":"https:\/\/2horizontes.com\/index.php?rest_route=\/wp\/v2\/types\/post"}],"author":[{"embeddable":true,"href":"https:\/\/2horizontes.com\/index.php?rest_route=\/wp\/v2\/users\/4"}],"replies":[{"embeddable":true,"href":"https:\/\/2horizontes.com\/index.php?rest_route=%2Fwp%2Fv2%2Fcomments&post=69443"}],"version-history":[{"count":1,"href":"https:\/\/2horizontes.com\/index.php?rest_route=\/wp\/v2\/posts\/69443\/revisions"}],"predecessor-version":[{"id":69445,"href":"https:\/\/2horizontes.com\/index.php?rest_route=\/wp\/v2\/posts\/69443\/revisions\/69445"}],"wp:featuredmedia":[{"embeddable":true,"href":"https:\/\/2horizontes.com\/index.php?rest_route=\/wp\/v2\/media\/69444"}],"wp:attachment":[{"href":"https:\/\/2horizontes.com\/index.php?rest_route=%2Fwp%2Fv2%2Fmedia&parent=69443"}],"wp:term":[{"taxonomy":"category","embeddable":true,"href":"https:\/\/2horizontes.com\/index.php?rest_route=%2Fwp%2Fv2%2Fcategories&post=69443"},{"taxonomy":"post_tag","embeddable":true,"href":"https:\/\/2horizontes.com\/index.php?rest_route=%2Fwp%2Fv2%2Ftags&post=69443"}],"curies":[{"name":"wp","href":"https:\/\/api.w.org\/{rel}","templated":true}]}}