{"id":69425,"date":"2020-02-10T16:14:31","date_gmt":"2020-02-10T15:14:31","guid":{"rendered":"http:\/\/2horizontes.com\/?p=69425"},"modified":"2020-02-10T16:14:34","modified_gmt":"2020-02-10T15:14:34","slug":"estudiantes-dominicanos-en-wuhan-claman-ayuda-para-regresar-a-su-pais","status":"publish","type":"post","link":"https:\/\/2horizontes.com\/?p=69425","title":{"rendered":"Estudiantes dominicanos en Wuhan claman ayuda para regresar a su pa\u00eds"},"content":{"rendered":"\n<p>SANTO DOMINGO.- Cinco estudiantes dominicanos radicados en Wuhan,&nbsp;<em>epicentro del coronavirus<\/em>&nbsp; en China, clamaron a las autoridades de su pa\u00eds para que lo saquen de esa naci\u00f3n.<\/p>\n\n\n\n<p>Explicaron que, debido al avance de la enfermedad, enfrentan serias dificultades para adquirir comida y agua potable.<\/p>\n\n\n\n<p>\u201cLa situaci\u00f3n aqu\u00ed no pinta bien, y mi gran preocupaci\u00f3n viene de que no sabemos hasta cu\u00e1ndo continuar\u00e1 as\u00ed\u201d, dijo a CDN Antonio Mercado, uno de los estudiantes.<\/p>\n\n\n\n\n\n<p>Agreg\u00f3 que \u201cmi preocupaci\u00f3n es saber qu\u00e9 pasar\u00e1 con nosotros, el plan de la embajada dominicana para evacuarnos, y por qu\u00e9 hay incoherencias entre lo que dice la prensa en Rep\u00fablica Dominicana, la informaci\u00f3n que manejan las autoridades y lo que se nos comunica por aqu\u00ed. No me gustar\u00eda creer que se nos est\u00e9 usando para el escaparate pol\u00edtico\u201d.<\/p>\n\n\n\n<p>Dijo que espera que se encuentre una soluci\u00f3n entre la embajada dominicana en China y el Ministerio de Relaciones Exteriores (MIREX) de Rep\u00fablica Dominicana para que los puedan retornar a su pa\u00eds.<\/p>\n\n\n\n<p>\u201cYa hemos expresado anteriormente que estamos de acuerdo con seguir los procedimientos de cuarentena as\u00ed como a realizarnos estudios m\u00e9dicos para corroborar que no somos una amenaza de contagio del virus\u201d, expres\u00f3.<\/p>\n\n\n\n<p>Advirti\u00f3 que \u201csi en alg\u00fan momento damos positivo al virus, estamos dispuestos a no embarcar hacia nuestro pa\u00eds, y\/o recibir tratamiento en aislamiento\u201d.<\/p>\n\n\n\n<p>jt\/am<\/p>\n","protected":false},"excerpt":{"rendered":"<p>SANTO DOMINGO.- Cinco estudiantes dominicanos radicados en Wuhan,&nbsp;epicentro del coronavirus&nbsp; en China, clamaron a las autoridades de su pa\u00eds para que lo saquen de esa naci\u00f3n. Explicaron que, debido al avance de la enfermedad, enfrentan serias dificultades para adquirir comida y agua potable. \u201cLa situaci\u00f3n aqu\u00ed no pinta bien, y mi gran preocupaci\u00f3n viene de [&hellip;]<\/p>\n","protected":false},"author":1,"featured_media":69426,"comment_status":"open","ping_status":"open","sticky":true,"template":"","format":"standard","meta":{"footnotes":""},"categories":[40,44,45],"tags":[],"class_list":["post-69425","post","type-post","status-publish","format-standard","has-post-thumbnail","hentry","category-internacionales","category-republica-dominicana","category-salud"],"_links":{"self":[{"href":"https:\/\/2horizontes.com\/index.php?rest_route=\/wp\/v2\/posts\/69425","targetHints":{"allow":["GET"]}}],"collection":[{"href":"https:\/\/2horizontes.com\/index.php?rest_route=\/wp\/v2\/posts"}],"about":[{"href":"https:\/\/2horizontes.com\/index.php?rest_route=\/wp\/v2\/types\/post"}],"author":[{"embeddable":true,"href":"https:\/\/2horizontes.com\/index.php?rest_route=\/wp\/v2\/users\/1"}],"replies":[{"embeddable":true,"href":"https:\/\/2horizontes.com\/index.php?rest_route=%2Fwp%2Fv2%2Fcomments&post=69425"}],"version-history":[{"count":1,"href":"https:\/\/2horizontes.com\/index.php?rest_route=\/wp\/v2\/posts\/69425\/revisions"}],"predecessor-version":[{"id":69427,"href":"https:\/\/2horizontes.com\/index.php?rest_route=\/wp\/v2\/posts\/69425\/revisions\/69427"}],"wp:featuredmedia":[{"embeddable":true,"href":"https:\/\/2horizontes.com\/index.php?rest_route=\/wp\/v2\/media\/69426"}],"wp:attachment":[{"href":"https:\/\/2horizontes.com\/index.php?rest_route=%2Fwp%2Fv2%2Fmedia&parent=69425"}],"wp:term":[{"taxonomy":"category","embeddable":true,"href":"https:\/\/2horizontes.com\/index.php?rest_route=%2Fwp%2Fv2%2Fcategories&post=69425"},{"taxonomy":"post_tag","embeddable":true,"href":"https:\/\/2horizontes.com\/index.php?rest_route=%2Fwp%2Fv2%2Ftags&post=69425"}],"curies":[{"name":"wp","href":"https:\/\/api.w.org\/{rel}","templated":true}]}}